{"id":23215,"date":"2024-02-29T15:02:02","date_gmt":"2024-02-29T14:02:02","guid":{"rendered":"https:\/\/hannover-living.de\/?p=23215"},"modified":"2025-05-02T13:19:39","modified_gmt":"2025-05-02T11:19:39","slug":"ferieboliger-og-private-vaerelser","status":"publish","type":"post","link":"https:\/\/hannover-living.de\/da\/ferieboliger-og-private-vaerelser\/","title":{"rendered":"Ferielejligheder og private v\u00e6relser"},"content":{"rendered":"<div data-elementor-type=\"wp-post\" data-elementor-id=\"23215\" class=\"elementor elementor-23215\" data-elementor-post-type=\"post\">\n\t\t\t\t\t\t<section class=\"elementor-section elementor-top-section elementor-element elementor-element-126373a elementor-section-boxed elementor-section-height-default elementor-section-height-default\" data-id=\"126373a\" data-element_type=\"section\" data-e-type=\"section\">\n\t\t\t\t\t\t<div class=\"elementor-container elementor-column-gap-default\">\n\t\t\t\t\t<div class=\"elementor-column elementor-col-100 elementor-top-column elementor-element elementor-element-6085b63\" data-id=\"6085b63\" data-element_type=\"column\" data-e-type=\"column\">\n\t\t\t<div class=\"elementor-widget-wrap elementor-element-populated\">\n\t\t\t\t\t\t<div class=\"elementor-element elementor-element-1948428 elementor-widget elementor-widget-text-editor\" data-id=\"1948428\" data-element_type=\"widget\" data-e-type=\"widget\" data-widget_type=\"text-editor.default\">\n\t\t\t\t<div class=\"elementor-widget-container\">\n\t\t\t\t\t\t\t\t\t<h3>Oplev komfort og hygge: ferielejligheder og private v\u00e6relser i Hannover under messer<\/h3><p style=\"border: 0px solid #e3e3e3; --tw-border-spacing-x: 0; --tw-border-spacing-y: 0; --tw-translate-x: 0; --tw-translate-y: 0; --tw-rotate: 0; --tw-skew-x: 0; --tw-skew-y: 0; --tw-scale-x: 1; --tw-scale-y: 1; --tw-scroll-snap-strictness: proximity; --tw-ring-offset-width: 0px; --tw-ring-offset-color: #fff; --tw-ring-color: rgba(69,89,164,.5); --tw-ring-offset-shadow: 0 0 transparent; --tw-ring-shadow: 0 0 transparent; --tw-shadow: 0 0 transparent; --tw-shadow-colored: 0 0 transparent; margin: 1.25em 0px; color: #0d0d0d; font-family: S\u00f6hne, ui-sans-serif, system-ui, -apple-system, 'Segoe UI', Roboto, Ubuntu, Cantarell, 'Noto Sans', sans-serif, 'Helvetica Neue', Arial, 'Apple Color Emoji', 'Segoe UI Emoji', 'Segoe UI Symbol', 'Noto Color Emoji'; white-space-collapse: preserve;\">Hannover, en by fuld af liv og kulturel mangfoldighed, er ikke kun kendt for sine imponerende messer, men ogs\u00e5 for sin g\u00e6stfrihed. Hvis du planl\u00e6gger at deltage i en messe, vil vi gerne hj\u00e6lpe dig med at finde den perfekte indkvartering, der passer til dine behov.<\/p><h5>Den ideelle indkvarteringsl\u00f8sning<\/h5><p>Vores udvalg af ferielejligheder og private v\u00e6relser tilbyder dig et hjem v\u00e6k fra hjemmet under din tid p\u00e5 messen i Hannover. Nyd komforten og friheden ved at have dine egne fire v\u00e6gge og undslippe messens stress og jag, n\u00e5r du tr\u00e6kker dig tilbage til din hyggelige bolig.<\/p><h5>Komfort og bekvemmeligheder<\/h5><p>Vores ferielejligheder og private v\u00e6relser er omhyggeligt indrettet for at g\u00f8re dit ophold s\u00e5 behageligt som muligt. Fra rummelige opholdsrum til fuldt udstyrede k\u00f8kkener tilbyder de alt, hvad du beh\u00f8ver for at f\u00f8le dig hjemme. Og efter en lang dag p\u00e5 messen kan du slappe af og lade batterierne op i dit eget fristed.<\/p><h5>Ideel beliggenhed for messebes\u00f8gende<\/h5><p>Placeringen af vores overnatningssteder er endnu et pluspunkt. De ligger t\u00e6t p\u00e5 messecentret og tilbyder dig den perfekte base for dine messebes\u00f8g. Du kan nemt komme til m\u00f8destederne til fods eller med offentlig transport og spare v\u00e6rdifuld tid og kr\u00e6fter.<\/p><h5>Fleksibilitet og individualitet<\/h5><p>Det, der g\u00f8r vores ferielejligheder og private v\u00e6relser til noget s\u00e6rligt, er deres fleksibilitet og individualitet. Uanset om du rejser alene, med kolleger eller i en gruppe - vi har indkvartering, der passer til dine behov. Du kan v\u00e6lge mellem en r\u00e6kke forskellige muligheder og v\u00e6lge den, der passer bedst til dine behov.<\/p>\t\t\t\t\t\t\t\t<\/div>\n\t\t\t\t<\/div>\n\t\t\t\t\t<\/div>\n\t\t<\/div>\n\t\t\t\t\t<\/div>\n\t\t<\/section>\n\t\t\t\t<section class=\"elementor-section elementor-top-section elementor-element elementor-element-6d90dff elementor-section-boxed elementor-section-height-default elementor-section-height-default\" data-id=\"6d90dff\" data-element_type=\"section\" data-e-type=\"section\">\n\t\t\t\t\t\t<div class=\"elementor-container elementor-column-gap-default\">\n\t\t\t\t\t<div class=\"elementor-column elementor-col-100 elementor-top-column elementor-element elementor-element-e07ab90\" data-id=\"e07ab90\" data-element_type=\"column\" data-e-type=\"column\">\n\t\t\t<div class=\"elementor-widget-wrap elementor-element-populated\">\n\t\t\t\t\t\t<div class=\"elementor-element elementor-element-692e94f elementor-cta--skin-classic elementor-animated-content elementor-bg-transform elementor-bg-transform-zoom-in elementor-widget elementor-widget-call-to-action\" data-id=\"692e94f\" data-element_type=\"widget\" data-e-type=\"widget\" data-widget_type=\"call-to-action.default\">\n\t\t\t\t<div class=\"elementor-widget-container\">\n\t\t\t\t\t\t\t<div class=\"elementor-cta\">\n\t\t\t\t\t\t\t<div class=\"elementor-cta__content\">\n\t\t\t\t\n\t\t\t\t\t\t\t\t\t<h2 class=\"elementor-cta__title elementor-cta__content-item elementor-content-item\">\n\t\t\t\t\t\tFerielejligheder &amp; private v\u00e6relser\t\t\t\t\t<\/h2>\n\t\t\t\t\n\t\t\t\t\t\t\t\t\t<div class=\"elementor-cta__description elementor-cta__content-item elementor-content-item\">\n\t\t\t\t\t\tOplev hyggelige ferielejligheder og private v\u00e6relser i Hannover til dit n\u00e6ste ophold. Book nu, og oplev byen som en lokal.\t\t\t\t\t<\/div>\n\t\t\t\t\n\t\t\t\t\t\t\t\t\t<div class=\"elementor-cta__button-wrapper elementor-cta__content-item elementor-content-item\">\n\t\t\t\t\t<a class=\"elementor-cta__button elementor-button elementor-size-\" href=\"https:\/\/tportal.tomas.travel\/hannover-privatvermietung\/ukv\/?lang=de\" target=\"_blank\" rel=\"noopener\">\n\t\t\t\t\t\tS\u00f8gning og foresp\u00f8rgsler\t\t\t\t\t<\/a>\n\t\t\t\t\t<\/div>\n\t\t\t\t\t\t\t<\/div>\n\t\t\t\t\t\t<\/div>\n\t\t\t\t\t\t<\/div>\n\t\t\t\t<\/div>\n\t\t\t\t\t<\/div>\n\t\t<\/div>\n\t\t\t\t\t<\/div>\n\t\t<\/section>\n\t\t\t\t<section class=\"elementor-section elementor-top-section elementor-element elementor-element-80a841b elementor-section-boxed elementor-section-height-default elementor-section-height-default\" data-id=\"80a841b\" data-element_type=\"section\" data-e-type=\"section\">\n\t\t\t\t\t\t<div class=\"elementor-container elementor-column-gap-default\">\n\t\t\t\t\t<div class=\"elementor-column elementor-col-100 elementor-top-column elementor-element elementor-element-f40f603\" data-id=\"f40f603\" data-element_type=\"column\" data-e-type=\"column\">\n\t\t\t<div class=\"elementor-widget-wrap elementor-element-populated\">\n\t\t\t\t\t\t<div class=\"elementor-element elementor-element-ace14e0 elementor-widget elementor-widget-text-editor\" data-id=\"ace14e0\" data-element_type=\"widget\" data-e-type=\"widget\" data-widget_type=\"text-editor.default\">\n\t\t\t\t<div class=\"elementor-widget-container\">\n\t\t\t\t\t\t\t\t\t<h3>Book din dr\u00f8mmeovernatning nu<\/h3><p>Benyt lejligheden til at g\u00f8re dit ophold p\u00e5 messen i Hannover til en uforglemmelig oplevelse. Book en af vores ferielejligheder eller private v\u00e6relser i dag, og se frem til komfort, hygge og en perfekt beliggenhed under dit ophold p\u00e5 messen.<\/p><p>Vores team af erfarne medarbejdere vil med gl\u00e6de hj\u00e6lpe dig med at finde det perfekte hotel. Brug vores enkle foresp\u00f8rgselsformular til at fort\u00e6lle os om dine pr\u00e6ferencer og krav. Vi forhandler priser, tjekker tilg\u00e6ngelighed og tager os af alle detaljerne i din booking. S\u00e5 du kan slappe af og forberede dig p\u00e5 din rejse.<\/p><h5>Tag kontakt til os!<\/h5><p>Planl\u00e6g dit n\u00e6ste bes\u00f8g i Hannover med Hannover Accommodation Service, og f\u00e5 gl\u00e6de af en problemfri bookingproces, f\u00f8rsteklasses kundeservice og en uforglemmelig oplevelse i denne pulserende by. Send os din foresp\u00f8rgsel, og lad os hj\u00e6lpe dig med at g\u00f8re dit ophold i Hannover til en s\u00e6rlig oplevelse.<\/p><p style=\"text-align: right;\"><strong><a href=\"https:\/\/www.visit-hannover.com\/Media\/visit-hannover\/GIS\/Organisationen\/Zimmervermittlung-Hannover\" target=\"_blank\" rel=\"noopener\">Team for indkvartering\u00a0<\/a><br \/><\/strong>Telefon +49 (0) 511 \/ 12345-555\u00a0<br \/>hotels@hannover-tourismus.de<\/p>\t\t\t\t\t\t\t\t<\/div>\n\t\t\t\t<\/div>\n\t\t\t\t\t<\/div>\n\t\t<\/div>\n\t\t\t\t\t<\/div>\n\t\t<\/section>\n\t\t\t\t<section class=\"elementor-section elementor-top-section elementor-element elementor-element-a9d1abb elementor-section-boxed elementor-section-height-default elementor-section-height-default\" data-id=\"a9d1abb\" data-element_type=\"section\" data-e-type=\"section\">\n\t\t\t\t\t\t<div class=\"elementor-container elementor-column-gap-default\">\n\t\t\t\t\t<div class=\"elementor-column elementor-col-100 elementor-top-column elementor-element elementor-element-d204ef0\" data-id=\"d204ef0\" data-element_type=\"column\" data-e-type=\"column\">\n\t\t\t<div class=\"elementor-widget-wrap elementor-element-populated\">\n\t\t\t\t\t\t<div class=\"elementor-element elementor-element-eba1c23 elementor-cta--skin-classic elementor-animated-content elementor-bg-transform elementor-bg-transform-zoom-in elementor-widget elementor-widget-call-to-action\" data-id=\"eba1c23\" data-element_type=\"widget\" data-e-type=\"widget\" data-widget_type=\"call-to-action.default\">\n\t\t\t\t<div class=\"elementor-widget-container\">\n\t\t\t\t\t\t\t<div class=\"elementor-cta\">\n\t\t\t\t\t\t\t<div class=\"elementor-cta__content\">\n\t\t\t\t\n\t\t\t\t\t\t\t\t\t<h2 class=\"elementor-cta__title elementor-cta__content-item elementor-content-item\">\n\t\t\t\t\t\tBliv Hannovers v\u00e6rt: messe mum 4.0\t\t\t\t\t<\/h2>\n\t\t\t\t\n\t\t\t\t\t\t\t\t\t<div class=\"elementor-cta__description elementor-cta__content-item elementor-content-item\">\n\t\t\t\t\t\tHar du uudnyttet boligareal og nyder at byde g\u00e6ster fra hele verden velkommen? S\u00e5 bliv en del af \"Messemutti 4.0\"-f\u00e6llesskabet, og tag Hannovers g\u00e6stfrihed til et nyt niveau.\t\t\t\t\t<\/div>\n\t\t\t\t\n\t\t\t\t\t\t\t\t\t<div class=\"elementor-cta__button-wrapper elementor-cta__content-item elementor-content-item\">\n\t\t\t\t\t<a class=\"elementor-cta__button elementor-button elementor-size-\" href=\"https:\/\/hannover-living.de\/da\/privat-vaerelse-2\/\">\n\t\t\t\t\t\tAt blive en messe-mor 4.0\t\t\t\t\t<\/a>\n\t\t\t\t\t<\/div>\n\t\t\t\t\t\t\t<\/div>\n\t\t\t\t\t\t<\/div>\n\t\t\t\t\t\t<\/div>\n\t\t\t\t<\/div>\n\t\t\t\t\t<\/div>\n\t\t<\/div>\n\t\t\t\t\t<\/div>\n\t\t<\/section>\n\t\t\t\t<\/div>","protected":false},"excerpt":{"rendered":"<p>Oplev komfort og hygge: ferielejligheder og private v\u00e6relser under messer eller andre ophold i Hannover.<\/p>","protected":false},"author":7,"featured_media":23216,"comment_status":"closed","ping_status":"closed","sticky":false,"template":"","format":"standard","meta":{"footnotes":""},"categories":[2],"tags":[118,120,121,119],"class_list":["post-23215","post","type-post","status-publish","format-standard","has-post-thumbnail","hentry","category-uebernachtungsangebote","tag-uebernachtung","tag-ferienwohnung","tag-privatzimmer","tag-zimmervermittlung"],"_links":{"self":[{"href":"https:\/\/hannover-living.de\/da\/wp-json\/wp\/v2\/posts\/23215","targetHints":{"allow":["GET"]}}],"collection":[{"href":"https:\/\/hannover-living.de\/da\/wp-json\/wp\/v2\/posts"}],"about":[{"href":"https:\/\/hannover-living.de\/da\/wp-json\/wp\/v2\/types\/post"}],"author":[{"embeddable":true,"href":"https:\/\/hannover-living.de\/da\/wp-json\/wp\/v2\/users\/7"}],"replies":[{"embeddable":true,"href":"https:\/\/hannover-living.de\/da\/wp-json\/wp\/v2\/comments?post=23215"}],"version-history":[{"count":1,"href":"https:\/\/hannover-living.de\/da\/wp-json\/wp\/v2\/posts\/23215\/revisions"}],"predecessor-version":[{"id":36180,"href":"https:\/\/hannover-living.de\/da\/wp-json\/wp\/v2\/posts\/23215\/revisions\/36180"}],"wp:featuredmedia":[{"embeddable":true,"href":"https:\/\/hannover-living.de\/da\/wp-json\/wp\/v2\/media\/23216"}],"wp:attachment":[{"href":"https:\/\/hannover-living.de\/da\/wp-json\/wp\/v2\/media?parent=23215"}],"wp:term":[{"taxonomy":"category","embeddable":true,"href":"https:\/\/hannover-living.de\/da\/wp-json\/wp\/v2\/categories?post=23215"},{"taxonomy":"post_tag","embeddable":true,"href":"https:\/\/hannover-living.de\/da\/wp-json\/wp\/v2\/tags?post=23215"}],"curies":[{"name":"wp","href":"https:\/\/api.w.org\/{rel}","templated":true}]}}