{"id":41073,"date":"2025-07-30T18:53:56","date_gmt":"2025-07-30T16:53:56","guid":{"rendered":"https:\/\/hannover-living.de\/?p=41073"},"modified":"2025-09-01T16:26:02","modified_gmt":"2025-09-01T14:26:02","slug":"maschseefest-2025-er-abnet","status":"publish","type":"post","link":"https:\/\/hannover-living.de\/da\/das-maschseefest-2025-ist-eroeffnet\/","title":{"rendered":"Maschseefest 2025 er \u00e5ben"},"content":{"rendered":"<div data-elementor-type=\"wp-post\" data-elementor-id=\"41073\" class=\"elementor elementor-41073\" data-elementor-post-type=\"post\">\n\t\t\t\t<div class=\"elementor-element elementor-element-9bbef20 e-flex e-con-boxed e-con e-parent\" data-id=\"9bbef20\" data-element_type=\"container\" data-e-type=\"container\">\n\t\t\t\t\t<div class=\"e-con-inner\">\n\t\t\t\t<div class=\"elementor-element elementor-element-66f4729 elementor-widget elementor-widget-text-editor\" data-id=\"66f4729\" data-element_type=\"widget\" data-e-type=\"widget\" data-widget_type=\"text-editor.default\">\n\t\t\t\t<div class=\"elementor-widget-container\">\n\t\t\t\t\t\t\t\t\t<p>I onsdags var der officiel \u00e5bning af den 38. Maschsee Festival i Hannover. Fra den 30. juli til den 17. august vil Maschsees bredder i 19 dage blive omdannet til en pulserende festivalplads. Tysklands st\u00f8rste s\u00f8festival vil gl\u00e6de de bes\u00f8gende med kulinariske l\u00e6kkerier fra hele verden, mere end 200 live-acts p\u00e5 flere scener og et varieret program for b\u00f8rn og familier.<\/p><p>Klassikere som det popul\u00e6re andev\u00e6ddel\u00f8b eller den stemningsfulde fakkelsv\u00f8mning er igen en del af programmet, og det samme er sp\u00e6ndende nyheder. Et h\u00f8jdepunkt i \u00e5r er det 75 meter h\u00f8je Maschsee Tower, som for f\u00f8rste gang vil give en betagende udsigt p\u00e5 Heinz von Heiden Arenas forplads.<\/p><p><strong>Festlig start med en blanding af sol og skyer<\/strong><\/p><p>Maschsee Festival blev symbolsk \u00e5bnet kl. 18.00 i en fantastisk atmosf\u00e6re og friske sommerlige 20 grader. Omgivet af farverige styltevandrere, akrobater og levende musikere klippede Hannovers overborgmester Belit Onay og Andr\u00e9 Lawiszus, administrerende direkt\u00f8r for Hannover Veranstaltungs GmbH (HVG), h\u00f8jtideligt det bl\u00e5 \u00e5bningsb\u00e5nd - ledsaget af mange g\u00e6ster.<\/p><p>\"Maschsee ligger i hjertet af byen, og Hannovers befolkning har taget den til sig - og det g\u00e6lder ogs\u00e5 Maschsee Festival. Den har l\u00e6nge v\u00e6ret en lige s\u00e5 stor del af Hannovers kulturelle DNA som Sch\u00fctzenfest. Tysklands st\u00f8rste s\u00f8festival tiltr\u00e6kker folk fra n\u00e6r og fjern med sin unikke atmosf\u00e6re. Vi ser frem til en stor, mangfoldig, fredelig og farverig festival. Hannover er klar,\" siger Onay.<\/p><p>Andr\u00e9 Lawiszus, som har v\u00e6ret ansvarlig for Maschseefest siden 2011 og i \u00e5r for f\u00f8rste gang er ansvarlig som administrerende direkt\u00f8r for HVG, gl\u00e6der sig ogs\u00e5 over den vellykkede start:<\/p><p>\"Der er meget at opdage p\u00e5 alle fire bredder - fra nye restauranter til helt s\u00e6rlige steder at nyde, som f.eks. den nydesignede vestbred med Aperitivo Bay.\"<\/p><p>Maschseefest har l\u00e6nge v\u00e6ret mere end bare en regional friluftsfestival - som madfestival har den udviklet sig til en \u00e6gte kulturbegivenhed med international appel. Med sin maritime flair i hjertet af byen f\u00f8les det, som om den forl\u00e6nger sommerferien i Niedersachsen med to en halv uge.<\/p><p>Omkring to millioner bes\u00f8gende forventes at deltage i Hannovers st\u00f8rste sommerfestival igen i \u00e5r.<\/p>\t\t\t\t\t\t\t\t<\/div>\n\t\t\t\t<\/div>\n\t\t\t\t\t<\/div>\n\t\t\t\t<\/div>\n\t\t<div class=\"elementor-element elementor-element-2995dd0 e-flex e-con-boxed e-con e-parent\" data-id=\"2995dd0\" data-element_type=\"container\" data-e-type=\"container\">\n\t\t\t\t\t<div class=\"e-con-inner\">\n\t\t\t\t<div class=\"elementor-element elementor-element-51e5098 elementor-align-justify elementor-widget elementor-widget-button\" data-id=\"51e5098\" data-element_type=\"widget\" data-e-type=\"widget\" data-widget_type=\"button.default\">\n\t\t\t\t<div class=\"elementor-widget-container\">\n\t\t\t\t\t\t\t\t\t<div class=\"elementor-button-wrapper\">\n\t\t\t\t\t<a class=\"elementor-button elementor-button-link elementor-size-sm\" href=\"http:\/\/www.maschseefest.de\" target=\"_blank\" rel=\"noopener\">\n\t\t\t\t\t\t<span class=\"elementor-button-content-wrapper\">\n\t\t\t\t\t\t\t\t\t<span class=\"elementor-button-text\">Officiel hjemmeside<\/span>\n\t\t\t\t\t<\/span>\n\t\t\t\t\t<\/a>\n\t\t\t\t<\/div>\n\t\t\t\t\t\t\t\t<\/div>\n\t\t\t\t<\/div>\n\t\t\t\t\t<\/div>\n\t\t\t\t<\/div>\n\t\t\t\t<\/div>","protected":false},"excerpt":{"rendered":"<p>An diesem Mittwoch wurde in Hannover das 38. Maschseefest offiziell er\u00f6ffnet. Vom 30. Juli bis zum 17. August verwandelt sich das Ufer des Maschsees f\u00fcr 19 Tage in eine pulsierende Festmeile. Deutschlands gr\u00f6\u00dftes Seefest begeistert mit kulinarischer Vielfalt aus aller Welt, mehr als 200 Live-Acts auf mehreren B\u00fchnen sowie einem abwechslungsreichen Programm f\u00fcr Kinder und [&hellip;]<\/p>\n","protected":false},"author":7,"featured_media":41074,"comment_status":"open","ping_status":"open","sticky":false,"template":"","format":"standard","meta":{"footnotes":""},"categories":[1],"tags":[98],"class_list":["post-41073","post","type-post","status-publish","format-standard","has-post-thumbnail","hentry","category-uncategorized","tag-event"],"_links":{"self":[{"href":"https:\/\/hannover-living.de\/da\/wp-json\/wp\/v2\/posts\/41073","targetHints":{"allow":["GET"]}}],"collection":[{"href":"https:\/\/hannover-living.de\/da\/wp-json\/wp\/v2\/posts"}],"about":[{"href":"https:\/\/hannover-living.de\/da\/wp-json\/wp\/v2\/types\/post"}],"author":[{"embeddable":true,"href":"https:\/\/hannover-living.de\/da\/wp-json\/wp\/v2\/users\/7"}],"replies":[{"embeddable":true,"href":"https:\/\/hannover-living.de\/da\/wp-json\/wp\/v2\/comments?post=41073"}],"version-history":[{"count":5,"href":"https:\/\/hannover-living.de\/da\/wp-json\/wp\/v2\/posts\/41073\/revisions"}],"predecessor-version":[{"id":41494,"href":"https:\/\/hannover-living.de\/da\/wp-json\/wp\/v2\/posts\/41073\/revisions\/41494"}],"wp:featuredmedia":[{"embeddable":true,"href":"https:\/\/hannover-living.de\/da\/wp-json\/wp\/v2\/media\/41074"}],"wp:attachment":[{"href":"https:\/\/hannover-living.de\/da\/wp-json\/wp\/v2\/media?parent=41073"}],"wp:term":[{"taxonomy":"category","embeddable":true,"href":"https:\/\/hannover-living.de\/da\/wp-json\/wp\/v2\/categories?post=41073"},{"taxonomy":"post_tag","embeddable":true,"href":"https:\/\/hannover-living.de\/da\/wp-json\/wp\/v2\/tags?post=41073"}],"curies":[{"name":"wp","href":"https:\/\/api.w.org\/{rel}","templated":true}]}}