{"id":33709,"date":"2025-04-07T14:28:40","date_gmt":"2025-04-07T12:28:40","guid":{"rendered":"https:\/\/hannover-living.de\/?p=33709"},"modified":"2025-05-12T16:22:36","modified_gmt":"2025-05-12T14:22:36","slug":"pequena-fiesta-en-el-gran-jardin-2025","status":"publish","type":"post","link":"https:\/\/hannover-living.de\/es\/kleines-fest-im-grossen-garten-2025\/","title":{"rendered":"Peque\u00f1o festival en el Gran Jard\u00edn 2025"},"content":{"rendered":"<div data-elementor-type=\"wp-post\" data-elementor-id=\"33709\" class=\"elementor elementor-33709\" data-elementor-post-type=\"post\">\n\t\t\t\t<div class=\"elementor-element elementor-element-ad1dbe3 e-flex e-con-boxed e-con e-parent\" data-id=\"ad1dbe3\" data-element_type=\"container\" data-e-type=\"container\">\n\t\t\t\t\t<div class=\"e-con-inner\">\n\t\t\t\t<div class=\"elementor-element elementor-element-c9674bf elementor-widget elementor-widget-text-editor\" data-id=\"c9674bf\" data-element_type=\"widget\" data-e-type=\"widget\" data-widget_type=\"text-editor.default\">\n\t\t\t\t<div class=\"elementor-widget-container\">\n\t\t\t\t\t\t\t\t\t<h1 class=\"\" data-start=\"827\" data-end=\"894\"><strong data-start=\"829\" data-end=\"894\">Kleines Fest Hannover: noches m\u00e1gicas de verano en el Gran Jard\u00edn<\/strong><\/h1><p class=\"\" data-start=\"896\" data-end=\"1320\">En <strong data-start=\"900\" data-end=\"925\">Peque\u00f1o Festival Hannover<\/strong> es desde hace a\u00f1os uno de los acontecimientos culturales m\u00e1s destacados de la ciudad y cada a\u00f1o vuelve a cautivar a los visitantes. En 2025, el Gran Jard\u00edn de Herrenhausen volver\u00e1 a transformarse en un escenario de la imaginaci\u00f3n, donde el arte, el humor y las delicias culinarias se funden en una experiencia extraordinaria. Bajo el lema \"\u00a1Est\u00e1 servido!\", le espera una velada veraniega que apela a todos los sentidos.<\/p><h2 class=\"\" data-start=\"1322\" data-end=\"1374\"><strong data-start=\"1325\" data-end=\"1374\">Kleines Fest Hannover: Un festival de los sentidos<\/strong><\/h2><p class=\"\" data-start=\"1376\" data-end=\"1885\">Desde el momento en que entra en el barroco Gran Jard\u00edn, se sumerge en un mundo fascinante donde hay algo que descubrir a cada paso. Artistas nacionales e internacionales presentan un variado programa en varios escenarios, que incluye actuaciones art\u00edsticas, c\u00f3micas, teatrales y po\u00e9ticas. Especialmente emocionante: el lema de este a\u00f1o se interpretar\u00e1 de forma creativa, ya sea a trav\u00e9s de escenograf\u00edas culinarias, actuaciones centradas en la cocina o representaciones simb\u00f3licas del disfrute.<\/p><p class=\"\" data-start=\"1887\" data-end=\"2172\">El ambiente \u00fanico de este festival se debe a la combinaci\u00f3n del arte de los jardines, la diversidad cultural y los eventos cuidadosamente organizados. Los visitantes pasean de escenario en escenario, saborean delicias culinarias y disfrutan de las c\u00e1lidas noches de verano entre iluminaciones art\u00edsticas.<\/p><h2 class=\"\" data-start=\"2174\" data-end=\"2223\"><strong data-start=\"2177\" data-end=\"2223\">Despreoc\u00fapese de todo con el paquete para eventos<\/strong><\/h2><p class=\"\" data-start=\"2225\" data-end=\"2397\">Para todos aquellos que <strong data-start=\"2243\" data-end=\"2268\">Peque\u00f1o Festival Hannover<\/strong> no s\u00f3lo como un evento nocturno, sino como unas vacaciones cortas, existe un pr\u00e1ctico paquete con todo incluido. Incluye:<\/p><ul data-start=\"2399\" data-end=\"2710\"><li class=\"\" data-start=\"2399\" data-end=\"2511\"><p class=\"\" data-start=\"2401\" data-end=\"2511\"><strong data-start=\"2401\" data-end=\"2422\">Una pernoctaci\u00f3n<\/strong> con desayuno en un confortable hotel de 3 \u00f3 4 estrellas (habitaci\u00f3n individual o doble)<\/p><\/li><li class=\"\" data-start=\"2512\" data-end=\"2565\"><p class=\"\" data-start=\"2514\" data-end=\"2565\"><strong data-start=\"2514\" data-end=\"2533\">Entradas<\/strong> para el Kleines Fest Hannover<\/p><\/li><li class=\"\" data-start=\"2566\" data-end=\"2630\"><p class=\"\" data-start=\"2568\" data-end=\"2630\"><strong data-start=\"2568\" data-end=\"2594\">Un folleto del programa<\/strong> por habitaci\u00f3n a t\u00edtulo orientativo<\/p><\/li><li class=\"\" data-start=\"2631\" data-end=\"2710\"><p class=\"\" data-start=\"2633\" data-end=\"2710\"><strong data-start=\"2633\" data-end=\"2680\">Abonos diarios para el transporte p\u00fablico local<\/strong> (Zona A, centro de Hannover)<\/p><\/li><\/ul><p class=\"\" data-start=\"2712\" data-end=\"2984\">Este paquete es ideal para parejas, amigos o personas interesadas en la cultura que deseen regalarse un fin de semana relajante con momentos culturales destacados. Ya sea en pareja, en grupo o como regalo, este paquete le garantizar\u00e1 recuerdos imborrables.<\/p><h2 class=\"\" data-start=\"2986\" data-end=\"3031\"><strong data-start=\"2989\" data-end=\"3031\">Cocina y arte: el lema de 2025<\/strong><\/h2><p class=\"\" data-start=\"3033\" data-end=\"3465\">Bajo el lema \"\u00a1Est\u00e1 listo!\", el <strong data-start=\"3081\" data-end=\"3106\">Peque\u00f1o Festival Hannover<\/strong> las delicias culinarias cobran protagonismo. Espect\u00e1culos art\u00edsticos con elementos comestibles, preparaciones como parte de la representaci\u00f3n o escenificaciones simb\u00f3licas centradas en la comida sorprender\u00e1n y divertir\u00e1n al p\u00fablico. El festival consigue combinar arte y cocina de forma fascinante, abriendo perspectivas completamente nuevas.<\/p><p class=\"\" data-start=\"3467\" data-end=\"3756\">En los numerosos puestos del jard\u00edn, los visitantes podr\u00e1n disfrutar de las mejores delicias culinarias: desde especialidades regionales hasta manjares internacionales, todo lo que el coraz\u00f3n desea est\u00e1 representado. Una velada que combina armoniosamente delicias culinarias y experiencias art\u00edsticas.<\/p><h2 class=\"\" data-start=\"3758\" data-end=\"3815\"><strong data-start=\"3761\" data-end=\"3815\">Ambiente especial en los jardines de Herrenhausen<\/strong><\/h2><p class=\"\" data-start=\"3817\" data-end=\"4168\">El Gran Jard\u00edn barroco constituye el tel\u00f3n de fondo perfecto para el festival. Con sus parterres ornamentados, sus majestuosas avenidas y sus rom\u00e1nticas fuentes, es el marco ideal para una velada cultural veraniega. Los jardines, cuidadosamente iluminados, crean una atm\u00f3sfera de cuento de hadas que hace las delicias de miles de visitantes cada a\u00f1o.<\/p><p class=\"\" data-start=\"4170\" data-end=\"4415\">Si desea saber m\u00e1s sobre los Jardines de Herrenhausen, visite <strong data-start=\"4236\" data-end=\"4314\"><a class=\"cursor-pointer\" target=\"_new\" rel=\"noopener\" data-start=\"4238\" data-end=\"4312\">hannover-living.de<\/a><\/strong> una apasionante subp\u00e1gina con informaci\u00f3n sobre historia, arquitectura y otros acontecimientos.<\/p><h2 class=\"\" data-start=\"4417\" data-end=\"4447\"><strong data-start=\"4420\" data-end=\"4447\">Entradas e informaci\u00f3n<\/strong><\/h2><p class=\"\" data-start=\"4449\" data-end=\"4838\">La demanda de entradas para el <strong data-start=\"4484\" data-end=\"4509\">Peque\u00f1o Festival Hannover<\/strong> es tradicionalmente muy alto. Por ello, se recomienda planificar y reservar con antelaci\u00f3n. En el sitio web de <strong data-start=\"4623\" data-end=\"4764\"><a class=\"cursor-pointer\" target=\"_new\" rel=\"noopener\" data-start=\"4625\" data-end=\"4762\">Visite Hannover<\/a><\/strong> podr\u00e1 informarse sobre entradas, programas e informaci\u00f3n importante.<\/p><p class=\"\" data-start=\"4840\" data-end=\"4947\">Consejo importante: utilice los billetes de transporte local incluidos en el paquete para viajar sin estr\u00e9s y de forma sostenible.<\/p><h2 class=\"\" data-start=\"4949\" data-end=\"5005\"><strong data-start=\"4952\" data-end=\"5005\">Conclusi\u00f3n: una velada llena de emoci\u00f3n e inspiraci\u00f3n<\/strong><\/h2><p class=\"\" data-start=\"5007\" data-end=\"5357\">En <strong data-start=\"5011\" data-end=\"5036\">Peque\u00f1o Festival Hannover<\/strong> ofrece una acertada mezcla de arte, delicias culinarias y humor, y garantiza a\u00f1o tras a\u00f1o inolvidables veladas estivales. Cualquiera que ame la cultura, la diversi\u00f3n y un ambiente especial no deber\u00eda perderse este evento. Con el paquete del evento, incluso se convierte en unas peque\u00f1as vacaciones que perdurar\u00e1n en la memoria.<\/p>\t\t\t\t\t\t\t\t<\/div>\n\t\t\t\t<\/div>\n\t\t\t\t\t<\/div>\n\t\t\t\t<\/div>\n\t\t<div class=\"elementor-element elementor-element-8399a4b e-flex e-con-boxed e-con e-parent\" data-id=\"8399a4b\" data-element_type=\"container\" data-e-type=\"container\">\n\t\t\t\t\t<div class=\"e-con-inner\">\n\t\t\t\t<div class=\"elementor-element elementor-element-e092b71 elementor-align-justify elementor-widget elementor-widget-button\" data-id=\"e092b71\" data-element_type=\"widget\" data-e-type=\"widget\" data-widget_type=\"button.default\">\n\t\t\t\t<div class=\"elementor-widget-container\">\n\t\t\t\t\t\t\t\t\t<div class=\"elementor-button-wrapper\">\n\t\t\t\t\t<a class=\"elementor-button elementor-button-link elementor-size-sm\" href=\"https:\/\/hannover-living.de\/es\/reserva-de-paquetes-de-experiencias\/\">\n\t\t\t\t\t\t<span class=\"elementor-button-content-wrapper\">\n\t\t\t\t\t\t\t\t\t<span class=\"elementor-button-text\">Reserve ahora<\/span>\n\t\t\t\t\t<\/span>\n\t\t\t\t\t<\/a>\n\t\t\t\t<\/div>\n\t\t\t\t\t\t\t\t<\/div>\n\t\t\t\t<\/div>\n\t\t\t\t<div class=\"elementor-element elementor-element-049ce6a elementor-widget elementor-widget-text-editor\" data-id=\"049ce6a\" data-element_type=\"widget\" data-e-type=\"widget\" data-widget_type=\"text-editor.default\">\n\t\t\t\t<div class=\"elementor-widget-container\">\n\t\t\t\t\t\t\t\t\t<h2 class=\"header-h1 standard emark\">Informaci\u00f3n y reservas:<\/h2><div class=\"table-responsive\"><table class=\"table table-bordered table-striped\"><tbody><tr><td class=\"emark\"><p class=\"emark\">Fechas 2025:<\/p><\/td><td class=\"emark\"><p class=\"emark\">Del mi\u00e9rcoles 9 de julio al domingo 13 de julio<br \/>Del martes 15 de julio al domingo 20 de julio<br \/>Del martes 22 de julio al domingo 27 de julio<\/p><\/td><\/tr><tr><td class=\"emark\"><p class=\"emark\">Precios en un hotel de 3***:<br \/>Precios en el hotel 4****:<br \/>Precios familiares en un hotel de 3***:<\/p><\/td><td class=\"emark\"><p class=\"emark\">135 \u20ac p.p. en habitaci\u00f3n doble \/ 179 \u20ac p.p. en habitaci\u00f3n individual<br \/>149 \u20ac p.p. en habitaci\u00f3n doble \/ 190 \u20ac p.p. en habitaci\u00f3n individual<br \/>desde 285,00 \u20ac Familia (2 adultos + 1 ni\u00f1o)<br \/>desde 305,00 \u20ac Familia (2 adultos + 2 ni\u00f1os)<\/p><\/td><\/tr><tr><td><p>Informaci\u00f3n:<\/p><\/td><td class=\"emark\"><p class=\"emark\">Tel\u00e9fono: +49 511 - 12345 333<br \/>correo electr\u00f3nico: <span class=\"cnw_skip_translation\"><a class=\"emark\" title=\"Este enlace lleva al env\u00edo directo de un correo electr\u00f3nico al equipo de viajes de la ciudad\" href=\"mailto:staedtereise@hannover-tourismus.de\" target=\"_blank\" rel=\"noopener\">staedtereise@hannover-tourismus.de<\/a><\/span><\/p><\/td><\/tr><\/tbody><\/table><\/div>\t\t\t\t\t\t\t\t<\/div>\n\t\t\t\t<\/div>\n\t\t\t\t\t<\/div>\n\t\t\t\t<\/div>\n\t\t<div class=\"elementor-element elementor-element-38de685 e-flex e-con-boxed e-con e-parent\" data-id=\"38de685\" data-element_type=\"container\" data-e-type=\"container\">\n\t\t\t\t\t<div class=\"e-con-inner\">\n\t\t<div class=\"elementor-element elementor-element-ebbc82c e-con-full e-flex e-con e-child\" data-id=\"ebbc82c\" data-element_type=\"container\" data-e-type=\"container\">\n\t\t\t\t<div class=\"elementor-element elementor-element-c4435a0 elementor-widget elementor-widget-image\" data-id=\"c4435a0\" data-element_type=\"widget\" data-e-type=\"widget\" data-widget_type=\"image.default\">\n\t\t\t\t<div class=\"elementor-widget-container\">\n\t\t\t\t\t\t\t\t\t\t\t\t\t\t\t<img decoding=\"async\" src=\"https:\/\/hannover-living.de\/wp-content\/uploads\/2025\/04\/4-1.jpg\" title=\"Peque\u00f1a fiesta en un gran jard\u00edn\" alt=\"Peque\u00f1a fiesta en un gran jard\u00edn\" loading=\"lazy\" \/>\t\t\t\t\t\t\t\t\t\t\t\t\t\t\t<\/div>\n\t\t\t\t<\/div>\n\t\t\t\t<\/div>\n\t\t<div class=\"elementor-element elementor-element-59e88a3 e-con-full e-flex e-con e-child\" data-id=\"59e88a3\" data-element_type=\"container\" data-e-type=\"container\">\n\t\t\t\t<\/div>\n\t\t<div class=\"elementor-element elementor-element-c705958 e-con-full e-flex e-con e-child\" data-id=\"c705958\" data-element_type=\"container\" data-e-type=\"container\">\n\t\t\t\t<\/div>\n\t\t\t\t\t<\/div>\n\t\t\t\t<\/div>\n\t\t<div class=\"elementor-element elementor-element-b342d8e e-grid e-con-boxed e-con e-parent\" data-id=\"b342d8e\" data-element_type=\"container\" data-e-type=\"container\">\n\t\t\t\t\t<div class=\"e-con-inner\">\n\t\t\t\t<div class=\"elementor-element elementor-element-8296a08 elementor-widget elementor-widget-image\" data-id=\"8296a08\" data-element_type=\"widget\" data-e-type=\"widget\" data-widget_type=\"image.default\">\n\t\t\t\t<div class=\"elementor-widget-container\">\n\t\t\t\t\t\t\t\t\t\t\t\t\t\t\t<img loading=\"lazy\" decoding=\"async\" width=\"800\" height=\"600\" src=\"https:\/\/hannover-living.de\/wp-content\/uploads\/2025\/04\/11-1024x768.jpg\" class=\"attachment-large size-large wp-image-33837\" alt=\"Hannover Living: peque\u00f1a fiesta en el gran jard\u00edn Artistas con violonchelo y guitarra\" srcset=\"https:\/\/hannover-living.de\/wp-content\/uploads\/2025\/04\/11-1024x768.jpg 1024w, https:\/\/hannover-living.de\/wp-content\/uploads\/2025\/04\/11-300x225.jpg 300w, https:\/\/hannover-living.de\/wp-content\/uploads\/2025\/04\/11-768x576.jpg 768w, https:\/\/hannover-living.de\/wp-content\/uploads\/2025\/04\/11-1536x1152.jpg 1536w, https:\/\/hannover-living.de\/wp-content\/uploads\/2025\/04\/11.jpg 2000w\" sizes=\"auto, (max-width: 800px) 100vw, 800px\" \/>\t\t\t\t\t\t\t\t\t\t\t\t\t\t\t<\/div>\n\t\t\t\t<\/div>\n\t\t\t\t<div class=\"elementor-element elementor-element-074fc46 elementor-widget elementor-widget-image\" data-id=\"074fc46\" data-element_type=\"widget\" data-e-type=\"widget\" data-widget_type=\"image.default\">\n\t\t\t\t<div class=\"elementor-widget-container\">\n\t\t\t\t\t\t\t\t\t\t\t\t\t\t\t<img decoding=\"async\" width=\"800\" height=\"600\" src=\"https:\/\/hannover-living.de\/wp-content\/uploads\/2025\/04\/3-1-1024x768.jpg\" class=\"attachment-large size-large wp-image-33841\" alt=\"Peque\u00f1a fiesta en un gran jard\u00edn\" loading=\"lazy\" srcset=\"https:\/\/hannover-living.de\/wp-content\/uploads\/2025\/04\/3-1-1024x768.jpg 1024w, https:\/\/hannover-living.de\/wp-content\/uploads\/2025\/04\/3-1-300x225.jpg 300w, https:\/\/hannover-living.de\/wp-content\/uploads\/2025\/04\/3-1-768x576.jpg 768w, https:\/\/hannover-living.de\/wp-content\/uploads\/2025\/04\/3-1-1536x1152.jpg 1536w, https:\/\/hannover-living.de\/wp-content\/uploads\/2025\/04\/3-1.jpg 2000w\" sizes=\"auto, (max-width: 800px) 100vw, 800px\" \/>\t\t\t\t\t\t\t\t\t\t\t\t\t\t\t<\/div>\n\t\t\t\t<\/div>\n\t\t\t\t<div class=\"elementor-element elementor-element-a1d178f elementor-widget elementor-widget-image\" data-id=\"a1d178f\" data-element_type=\"widget\" data-e-type=\"widget\" data-widget_type=\"image.default\">\n\t\t\t\t<div class=\"elementor-widget-container\">\n\t\t\t\t\t\t\t\t\t\t\t\t\t\t\t<img decoding=\"async\" width=\"800\" height=\"600\" src=\"https:\/\/hannover-living.de\/wp-content\/uploads\/2025\/04\/4-1-1024x768.jpg\" class=\"attachment-large size-large wp-image-33842\" alt=\"Peque\u00f1a fiesta en un gran jard\u00edn\" loading=\"lazy\" srcset=\"https:\/\/hannover-living.de\/wp-content\/uploads\/2025\/04\/4-1-1024x768.jpg 1024w, https:\/\/hannover-living.de\/wp-content\/uploads\/2025\/04\/4-1-300x225.jpg 300w, https:\/\/hannover-living.de\/wp-content\/uploads\/2025\/04\/4-1-768x576.jpg 768w, https:\/\/hannover-living.de\/wp-content\/uploads\/2025\/04\/4-1-1536x1152.jpg 1536w, https:\/\/hannover-living.de\/wp-content\/uploads\/2025\/04\/4-1.jpg 2000w\" sizes=\"auto, (max-width: 800px) 100vw, 800px\" \/>\t\t\t\t\t\t\t\t\t\t\t\t\t\t\t<\/div>\n\t\t\t\t<\/div>\n\t\t\t\t\t<\/div>\n\t\t\t\t<\/div>\n\t\t\t\t<\/div>","protected":false},"excerpt":{"rendered":"<p>Kleines Fest Hannover: Magische Sommern\u00e4chte im Gro\u00dfen Garten Das Kleines Fest Hannover z\u00e4hlt seit Jahren zu den kulturellen Highlights der Stadt und verzaubert jedes Jahr aufs Neue die Besucherinnen und Besucher. 2025 verwandelt sich der Gro\u00dfe Garten in Herrenhausen erneut in eine B\u00fchne der Fantasie, auf der Kunst, Humor und Kulinarik zu einem au\u00dfergew\u00f6hnlichen Erlebnis [&hellip;]<\/p>\n","protected":false},"author":9,"featured_media":33841,"comment_status":"closed","ping_status":"closed","sticky":false,"template":"","format":"standard","meta":{"footnotes":""},"categories":[20,26],"tags":[89,88,87],"class_list":["post-33709","post","type-post","status-publish","format-standard","has-post-thumbnail","hentry","category-erlebnispakete","category-herrenhausen","tag-uebernachtungsangebot","tag-erlebnispaket","tag-pauschale"],"_links":{"self":[{"href":"https:\/\/hannover-living.de\/es\/wp-json\/wp\/v2\/posts\/33709","targetHints":{"allow":["GET"]}}],"collection":[{"href":"https:\/\/hannover-living.de\/es\/wp-json\/wp\/v2\/posts"}],"about":[{"href":"https:\/\/hannover-living.de\/es\/wp-json\/wp\/v2\/types\/post"}],"author":[{"embeddable":true,"href":"https:\/\/hannover-living.de\/es\/wp-json\/wp\/v2\/users\/9"}],"replies":[{"embeddable":true,"href":"https:\/\/hannover-living.de\/es\/wp-json\/wp\/v2\/comments?post=33709"}],"version-history":[{"count":8,"href":"https:\/\/hannover-living.de\/es\/wp-json\/wp\/v2\/posts\/33709\/revisions"}],"predecessor-version":[{"id":37568,"href":"https:\/\/hannover-living.de\/es\/wp-json\/wp\/v2\/posts\/33709\/revisions\/37568"}],"wp:featuredmedia":[{"embeddable":true,"href":"https:\/\/hannover-living.de\/es\/wp-json\/wp\/v2\/media\/33841"}],"wp:attachment":[{"href":"https:\/\/hannover-living.de\/es\/wp-json\/wp\/v2\/media?parent=33709"}],"wp:term":[{"taxonomy":"category","embeddable":true,"href":"https:\/\/hannover-living.de\/es\/wp-json\/wp\/v2\/categories?post=33709"},{"taxonomy":"post_tag","embeddable":true,"href":"https:\/\/hannover-living.de\/es\/wp-json\/wp\/v2\/tags?post=33709"}],"curies":[{"name":"wp","href":"https:\/\/api.w.org\/{rel}","templated":true}]}}