{"id":41073,"date":"2025-07-30T18:53:56","date_gmt":"2025-07-30T16:53:56","guid":{"rendered":"https:\/\/hannover-living.de\/?p=41073"},"modified":"2025-09-01T16:26:02","modified_gmt":"2025-09-01T14:26:02","slug":"la-maschseefest-2025-esta-inaugurada","status":"publish","type":"post","link":"https:\/\/hannover-living.de\/es\/das-maschseefest-2025-ist-eroeffnet\/","title":{"rendered":"Abierto el Maschseefest 2025"},"content":{"rendered":"<div data-elementor-type=\"wp-post\" data-elementor-id=\"41073\" class=\"elementor elementor-41073\" data-elementor-post-type=\"post\">\n\t\t\t\t<div class=\"elementor-element elementor-element-9bbef20 e-flex e-con-boxed e-con e-parent\" data-id=\"9bbef20\" data-element_type=\"container\" data-e-type=\"container\">\n\t\t\t\t\t<div class=\"e-con-inner\">\n\t\t\t\t<div class=\"elementor-element elementor-element-66f4729 elementor-widget elementor-widget-text-editor\" data-id=\"66f4729\" data-element_type=\"widget\" data-e-type=\"widget\" data-widget_type=\"text-editor.default\">\n\t\t\t\t<div class=\"elementor-widget-container\">\n\t\t\t\t\t\t\t\t\t<p>Este mi\u00e9rcoles se inaugur\u00f3 oficialmente en Hannover la 38\u00aa edici\u00f3n del Festival del Maschsee. Del 30 de julio al 17 de agosto, las orillas del Maschsee se transformar\u00e1n durante 19 d\u00edas en una vibrante milla del festival. El mayor festival lacustre de Alemania deleitar\u00e1 a los visitantes con delicias culinarias de todo el mundo, m\u00e1s de 200 actuaciones en directo en varios escenarios y un variado programa para ni\u00f1os y familias.<\/p><p>Cl\u00e1sicos como la popular carrera de patos o el emocionante ba\u00f1o con antorchas vuelven a formar parte del programa, al igual que emocionantes novedades. Este a\u00f1o destaca la Torre Maschsee, de 75 metros de altura, que por primera vez ofrecer\u00e1 unas vistas impresionantes desde la explanada del Heinz von Heiden Arena.<\/p><p><strong>Comienzo festivo con una mezcla de sol y nubes<\/strong><\/p><p>El Maschseefest se inaugur\u00f3 simb\u00f3licamente a las 18.00 horas en un gran ambiente y con unos frescos 20 grados veraniegos. Rodeados de coloridos zancudos, acr\u00f3batas y m\u00fasicos en directo, el alcalde de Hannover, Belit Onay, y Andr\u00e9 Lawiszus, Director General de Hannover Veranstaltungs GmbH (HVG), cortaron ceremoniosamente la cinta azul de inauguraci\u00f3n, acompa\u00f1ados de numerosos invitados.<\/p><p>\"El lago Maschsee se encuentra en el coraz\u00f3n de la ciudad y los habitantes de Hannover lo llevan en el coraz\u00f3n. Desde hace mucho tiempo forma parte del ADN cultural de Hannover tanto como la Sch\u00fctzenfest. La mayor fiesta lacustre de Alemania atrae a gente de cerca y de lejos con su ambiente \u00fanico. Esperamos un festival grande, diverso, pac\u00edfico y colorido. Hannover est\u00e1 preparada\", afirma Onay.<\/p><p>Andr\u00e9 Lawiszus, encargado de las operaciones del Maschseefest desde 2011 y responsable del mismo como director general de la HVG por primera vez este a\u00f1o, tambi\u00e9n est\u00e1 encantado con el exitoso comienzo:<\/p><p>\"Hay mucho que descubrir en las cuatro orillas: desde nuevos restaurantes hasta lugares muy especiales para disfrutar, como la orilla oeste, de nuevo dise\u00f1o, con Aperitivo Bay\".<\/p><p>La Maschseefest es desde hace tiempo algo m\u00e1s que una fiesta regional al aire libre: como festival gastron\u00f3mico, se ha convertido en un aut\u00e9ntico acontecimiento cultural de proyecci\u00f3n internacional. Con su ambiente mar\u00edtimo en el coraz\u00f3n de la ciudad, da la sensaci\u00f3n de prolongar dos semanas y media las vacaciones de verano en Baja Sajonia.<\/p><p>Se espera que unos dos millones de visitantes acudan un a\u00f1o m\u00e1s a la mayor fiesta veraniega de Hannover.<\/p>\t\t\t\t\t\t\t\t<\/div>\n\t\t\t\t<\/div>\n\t\t\t\t\t<\/div>\n\t\t\t\t<\/div>\n\t\t<div class=\"elementor-element elementor-element-2995dd0 e-flex e-con-boxed e-con e-parent\" data-id=\"2995dd0\" data-element_type=\"container\" data-e-type=\"container\">\n\t\t\t\t\t<div class=\"e-con-inner\">\n\t\t\t\t<div class=\"elementor-element elementor-element-51e5098 elementor-align-justify elementor-widget elementor-widget-button\" data-id=\"51e5098\" data-element_type=\"widget\" data-e-type=\"widget\" data-widget_type=\"button.default\">\n\t\t\t\t<div class=\"elementor-widget-container\">\n\t\t\t\t\t\t\t\t\t<div class=\"elementor-button-wrapper\">\n\t\t\t\t\t<a class=\"elementor-button elementor-button-link elementor-size-sm\" href=\"http:\/\/www.maschseefest.de\" target=\"_blank\" rel=\"noopener\">\n\t\t\t\t\t\t<span class=\"elementor-button-content-wrapper\">\n\t\t\t\t\t\t\t\t\t<span class=\"elementor-button-text\">Sitio web oficial<\/span>\n\t\t\t\t\t<\/span>\n\t\t\t\t\t<\/a>\n\t\t\t\t<\/div>\n\t\t\t\t\t\t\t\t<\/div>\n\t\t\t\t<\/div>\n\t\t\t\t\t<\/div>\n\t\t\t\t<\/div>\n\t\t\t\t<\/div>","protected":false},"excerpt":{"rendered":"<p>An diesem Mittwoch wurde in Hannover das 38. Maschseefest offiziell er\u00f6ffnet. Vom 30. Juli bis zum 17. August verwandelt sich das Ufer des Maschsees f\u00fcr 19 Tage in eine pulsierende Festmeile. Deutschlands gr\u00f6\u00dftes Seefest begeistert mit kulinarischer Vielfalt aus aller Welt, mehr als 200 Live-Acts auf mehreren B\u00fchnen sowie einem abwechslungsreichen Programm f\u00fcr Kinder und [&hellip;]<\/p>\n","protected":false},"author":7,"featured_media":41074,"comment_status":"open","ping_status":"open","sticky":false,"template":"","format":"standard","meta":{"footnotes":""},"categories":[1],"tags":[98],"class_list":["post-41073","post","type-post","status-publish","format-standard","has-post-thumbnail","hentry","category-uncategorized","tag-event"],"_links":{"self":[{"href":"https:\/\/hannover-living.de\/es\/wp-json\/wp\/v2\/posts\/41073","targetHints":{"allow":["GET"]}}],"collection":[{"href":"https:\/\/hannover-living.de\/es\/wp-json\/wp\/v2\/posts"}],"about":[{"href":"https:\/\/hannover-living.de\/es\/wp-json\/wp\/v2\/types\/post"}],"author":[{"embeddable":true,"href":"https:\/\/hannover-living.de\/es\/wp-json\/wp\/v2\/users\/7"}],"replies":[{"embeddable":true,"href":"https:\/\/hannover-living.de\/es\/wp-json\/wp\/v2\/comments?post=41073"}],"version-history":[{"count":5,"href":"https:\/\/hannover-living.de\/es\/wp-json\/wp\/v2\/posts\/41073\/revisions"}],"predecessor-version":[{"id":41494,"href":"https:\/\/hannover-living.de\/es\/wp-json\/wp\/v2\/posts\/41073\/revisions\/41494"}],"wp:featuredmedia":[{"embeddable":true,"href":"https:\/\/hannover-living.de\/es\/wp-json\/wp\/v2\/media\/41074"}],"wp:attachment":[{"href":"https:\/\/hannover-living.de\/es\/wp-json\/wp\/v2\/media?parent=41073"}],"wp:term":[{"taxonomy":"category","embeddable":true,"href":"https:\/\/hannover-living.de\/es\/wp-json\/wp\/v2\/categories?post=41073"},{"taxonomy":"post_tag","embeddable":true,"href":"https:\/\/hannover-living.de\/es\/wp-json\/wp\/v2\/tags?post=41073"}],"curies":[{"name":"wp","href":"https:\/\/api.w.org\/{rel}","templated":true}]}}