{"id":41073,"date":"2025-07-30T18:53:56","date_gmt":"2025-07-30T16:53:56","guid":{"rendered":"https:\/\/hannover-living.de\/?p=41073"},"modified":"2025-09-01T16:26:02","modified_gmt":"2025-09-01T14:26:02","slug":"maschseefest-2025-on-avattu","status":"publish","type":"post","link":"https:\/\/hannover-living.de\/fi\/das-maschseefest-2025-ist-eroeffnet\/","title":{"rendered":"Maschseefest 2025 on avoinna"},"content":{"rendered":"<div data-elementor-type=\"wp-post\" data-elementor-id=\"41073\" class=\"elementor elementor-41073\" data-elementor-post-type=\"post\">\n\t\t\t\t<div class=\"elementor-element elementor-element-9bbef20 e-flex e-con-boxed e-con e-parent\" data-id=\"9bbef20\" data-element_type=\"container\" data-e-type=\"container\">\n\t\t\t\t\t<div class=\"e-con-inner\">\n\t\t\t\t<div class=\"elementor-element elementor-element-66f4729 elementor-widget elementor-widget-text-editor\" data-id=\"66f4729\" data-element_type=\"widget\" data-e-type=\"widget\" data-widget_type=\"text-editor.default\">\n\t\t\t\t<div class=\"elementor-widget-container\">\n\t\t\t\t\t\t\t\t\t<p>T\u00e4m\u00e4n viikon keskiviikkona avattiin virallisesti 38. Maschsee-festivaali Hannoverissa. Hein\u00e4kuun 30. p\u00e4iv\u00e4st\u00e4 elokuun 17. p\u00e4iv\u00e4\u00e4n Maschseen ranta muuttuu 19 p\u00e4iv\u00e4ksi vilkkaaksi festivaalimailiksi. Saksan suurin j\u00e4rvifestivaali ihastuttaa k\u00e4vij\u00f6it\u00e4 kulinaarisilla herkuilla eri puolilta maailmaa, yli 200 live-esiintyj\u00e4ll\u00e4 useilla lavoilla sek\u00e4 monipuolisella ohjelmalla lapsille ja perheille.<\/p><p>Klassikot, kuten suosittu ankkajuoksu tai tunnelmallinen soihtu-uinti, ovat j\u00e4lleen osa ohjelmaa, samoin kuin j\u00e4nnitt\u00e4v\u00e4t uutuudet. T\u00e4m\u00e4n vuoden kohokohta on 75 metri\u00e4 korkea Maschsee-torni, josta on ensimm\u00e4ist\u00e4 kertaa henke\u00e4salpaavat n\u00e4kym\u00e4t Heinz von Heiden -areenan etupihalla.<\/p><p><strong>Juhlallinen alku auringon ja pilvien sekoituksella<\/strong><\/p><p>Maschsee-festivaali avattiin symbolisesti kello 18.00 upeassa tunnelmassa ja raikkaassa kes\u00e4isess\u00e4 20 asteessa. V\u00e4rikk\u00e4iden puujalkaisten, akrobaattien ja el\u00e4vien muusikoiden ymp\u00e4r\u00f6im\u00e4n\u00e4 Hannoverin pormestari Belit Onay ja Hannover Veranstaltungs GmbH:n (HVG) toimitusjohtaja Andr\u00e9 Lawiszus leikkasivat juhlallisesti sinisen avajaisnauhan lukuisten vieraiden saattelemana.<\/p><p>\"Maschsee-j\u00e4rvi sijaitsee kaupungin syd\u00e4mess\u00e4, ja hannoverilaiset ovat ottaneet sen syd\u00e4miins\u00e4 - t\u00e4m\u00e4 koskee my\u00f6s Maschsee-festivaalia. Se on jo pitk\u00e4\u00e4n kuulunut Hannoverin kulttuuriseen DNA:han yht\u00e4 vahvasti kuin Sch\u00fctzenfest. Saksan suurin j\u00e4rvifestivaali houkuttelee ihmisi\u00e4 l\u00e4helt\u00e4 ja kaukaa ainutlaatuisella tunnelmallaan. Odotamme suurta, monipuolista, rauhallista ja v\u00e4rik\u00e4st\u00e4 festivaalia. Hannover on valmis\", Onay sanoo.<\/p><p>Andr\u00e9 Lawiszus, joka on vastannut Maschseefestin toiminnasta vuodesta 2011 l\u00e4htien ja on t\u00e4n\u00e4 vuonna ensimm\u00e4ist\u00e4 kertaa vastuussa siit\u00e4 HVG:n toimitusjohtajana, on my\u00f6s tyytyv\u00e4inen onnistuneeseen alkuun:<\/p><p>\"Kaikilla nelj\u00e4ll\u00e4 rannalla on paljon l\u00f6ydett\u00e4v\u00e4\u00e4 - uusista ravintoloista hyvin erityisiin nautintopaikkoihin, kuten \u00e4skett\u00e4in suunniteltu l\u00e4nsiranta ja Aperitivo Bay.\"<\/p><p>Maschseefest on jo pitk\u00e4\u00e4n ollut muutakin kuin vain alueellinen ulkoilmafestivaali - ruokafestivaalina siit\u00e4 on kehittynyt todellinen kulttuuritapahtuma, jolla on kansainv\u00e4list\u00e4 vetovoimaa. Kaupungin syd\u00e4mess\u00e4 j\u00e4rjestett\u00e4v\u00e4 merellinen festivaali tuntuu pident\u00e4v\u00e4n Ala-Saksin kes\u00e4lomaa kahdella ja puolella viikolla.<\/p><p>Hannoverin suurimpaan kes\u00e4festivaaliin odotetaan t\u00e4n\u00e4kin vuonna noin kahta miljoonaa k\u00e4vij\u00e4\u00e4.<\/p>\t\t\t\t\t\t\t\t<\/div>\n\t\t\t\t<\/div>\n\t\t\t\t\t<\/div>\n\t\t\t\t<\/div>\n\t\t<div class=\"elementor-element elementor-element-2995dd0 e-flex e-con-boxed e-con e-parent\" data-id=\"2995dd0\" data-element_type=\"container\" data-e-type=\"container\">\n\t\t\t\t\t<div class=\"e-con-inner\">\n\t\t\t\t<div class=\"elementor-element elementor-element-51e5098 elementor-align-justify elementor-widget elementor-widget-button\" data-id=\"51e5098\" data-element_type=\"widget\" data-e-type=\"widget\" data-widget_type=\"button.default\">\n\t\t\t\t<div class=\"elementor-widget-container\">\n\t\t\t\t\t\t\t\t\t<div class=\"elementor-button-wrapper\">\n\t\t\t\t\t<a class=\"elementor-button elementor-button-link elementor-size-sm\" href=\"http:\/\/www.maschseefest.de\" target=\"_blank\" rel=\"noopener\">\n\t\t\t\t\t\t<span class=\"elementor-button-content-wrapper\">\n\t\t\t\t\t\t\t\t\t<span class=\"elementor-button-text\">Virallinen verkkosivusto<\/span>\n\t\t\t\t\t<\/span>\n\t\t\t\t\t<\/a>\n\t\t\t\t<\/div>\n\t\t\t\t\t\t\t\t<\/div>\n\t\t\t\t<\/div>\n\t\t\t\t\t<\/div>\n\t\t\t\t<\/div>\n\t\t\t\t<\/div>","protected":false},"excerpt":{"rendered":"<p>An diesem Mittwoch wurde in Hannover das 38. Maschseefest offiziell er\u00f6ffnet. Vom 30. Juli bis zum 17. August verwandelt sich das Ufer des Maschsees f\u00fcr 19 Tage in eine pulsierende Festmeile. Deutschlands gr\u00f6\u00dftes Seefest begeistert mit kulinarischer Vielfalt aus aller Welt, mehr als 200 Live-Acts auf mehreren B\u00fchnen sowie einem abwechslungsreichen Programm f\u00fcr Kinder und [&hellip;]<\/p>\n","protected":false},"author":7,"featured_media":41074,"comment_status":"open","ping_status":"open","sticky":false,"template":"","format":"standard","meta":{"footnotes":""},"categories":[1],"tags":[98],"class_list":["post-41073","post","type-post","status-publish","format-standard","has-post-thumbnail","hentry","category-uncategorized","tag-event"],"_links":{"self":[{"href":"https:\/\/hannover-living.de\/fi\/wp-json\/wp\/v2\/posts\/41073","targetHints":{"allow":["GET"]}}],"collection":[{"href":"https:\/\/hannover-living.de\/fi\/wp-json\/wp\/v2\/posts"}],"about":[{"href":"https:\/\/hannover-living.de\/fi\/wp-json\/wp\/v2\/types\/post"}],"author":[{"embeddable":true,"href":"https:\/\/hannover-living.de\/fi\/wp-json\/wp\/v2\/users\/7"}],"replies":[{"embeddable":true,"href":"https:\/\/hannover-living.de\/fi\/wp-json\/wp\/v2\/comments?post=41073"}],"version-history":[{"count":5,"href":"https:\/\/hannover-living.de\/fi\/wp-json\/wp\/v2\/posts\/41073\/revisions"}],"predecessor-version":[{"id":41494,"href":"https:\/\/hannover-living.de\/fi\/wp-json\/wp\/v2\/posts\/41073\/revisions\/41494"}],"wp:featuredmedia":[{"embeddable":true,"href":"https:\/\/hannover-living.de\/fi\/wp-json\/wp\/v2\/media\/41074"}],"wp:attachment":[{"href":"https:\/\/hannover-living.de\/fi\/wp-json\/wp\/v2\/media?parent=41073"}],"wp:term":[{"taxonomy":"category","embeddable":true,"href":"https:\/\/hannover-living.de\/fi\/wp-json\/wp\/v2\/categories?post=41073"},{"taxonomy":"post_tag","embeddable":true,"href":"https:\/\/hannover-living.de\/fi\/wp-json\/wp\/v2\/tags?post=41073"}],"curies":[{"name":"wp","href":"https:\/\/api.w.org\/{rel}","templated":true}]}}