{"id":23215,"date":"2024-02-29T15:02:02","date_gmt":"2024-02-29T14:02:02","guid":{"rendered":"https:\/\/hannover-living.de\/?p=23215"},"modified":"2025-05-02T13:19:39","modified_gmt":"2025-05-02T11:19:39","slug":"appartements-de-vacances-et-chambres-privees","status":"publish","type":"post","link":"https:\/\/hannover-living.de\/fr\/appartements-de-vacances-et-chambres-privees\/","title":{"rendered":"Appartements de vacances et chambres priv\u00e9es"},"content":{"rendered":"<div data-elementor-type=\"wp-post\" data-elementor-id=\"23215\" class=\"elementor elementor-23215\" data-elementor-post-type=\"post\">\n\t\t\t\t\t\t<section class=\"elementor-section elementor-top-section elementor-element elementor-element-126373a elementor-section-boxed elementor-section-height-default elementor-section-height-default\" data-id=\"126373a\" data-element_type=\"section\" data-e-type=\"section\">\n\t\t\t\t\t\t<div class=\"elementor-container elementor-column-gap-default\">\n\t\t\t\t\t<div class=\"elementor-column elementor-col-100 elementor-top-column elementor-element elementor-element-6085b63\" data-id=\"6085b63\" data-element_type=\"column\" data-e-type=\"column\">\n\t\t\t<div class=\"elementor-widget-wrap elementor-element-populated\">\n\t\t\t\t\t\t<div class=\"elementor-element elementor-element-1948428 elementor-widget elementor-widget-text-editor\" data-id=\"1948428\" data-element_type=\"widget\" data-e-type=\"widget\" data-widget_type=\"text-editor.default\">\n\t\t\t\t<div class=\"elementor-widget-container\">\n\t\t\t\t\t\t\t\t\t<h3>D\u00e9couvrez le confort et la convivialit\u00e9 : appartements et chambres priv\u00e9es \u00e0 Hanovre pendant les salons<\/h3><p style=\"border: 0px solid #e3e3e3; --tw-border-spacing-x: 0; --tw-border-spacing-y: 0; --tw-translate-x: 0; --tw-translate-y: 0; --tw-rotate: 0; --tw-skew-x: 0; --tw-skew-y: 0; --tw-scale-x: 1; --tw-scale-y: 1; --tw-scroll-snap-strictness: proximity; --tw-ring-offset-width: 0px; --tw-ring-offset-color: #fff; --tw-ring-color: rgba(69,89,164,.5); --tw-ring-offset-shadow: 0 0 transparent; --tw-ring-shadow: 0 0 transparent; --tw-shadow: 0 0 transparent; --tw-shadow-colored: 0 0 transparent; margin: 1.25em 0px; color: #0d0d0d; font-family: S\u00f6hne, ui-sans-serif, system-ui, -apple-system, 'Segoe UI', Roboto, Ubuntu, Cantarell, 'Noto Sans', sans-serif, 'Helvetica Neue', Arial, 'Apple Color Emoji', 'Segoe UI Emoji', 'Segoe UI Symbol', 'Noto Color Emoji'; white-space-collapse: preserve;\">Hanovre, une ville pleine de vie et de diversit\u00e9 culturelle, n'est pas seulement connue pour ses foires impressionnantes, mais aussi pour son hospitalit\u00e9. Si vous pr\u00e9voyez de participer \u00e0 un salon, nous souhaitons vous aider \u00e0 trouver l'h\u00e9bergement parfait qui r\u00e9pondra \u00e0 vos besoins.<\/p><h5>La solution d'h\u00e9bergement id\u00e9ale<\/h5><p>Notre s\u00e9lection d'appartements de vacances et de chambres priv\u00e9es vous offre un chez-soi loin de chez vous pendant votre s\u00e9jour \u00e0 la foire de Hanovre. Profitez du confort et de la libert\u00e9 d'avoir votre propre maison et \u00e9chappez \u00e0 l'agitation de la foire en vous retirant dans votre logement douillet.<\/p><h5>Confort et commodit\u00e9s<\/h5><p>Nos appartements et chambres priv\u00e9es sont soigneusement \u00e9quip\u00e9s pour rendre votre s\u00e9jour aussi agr\u00e9able que possible. Des espaces de vie spacieux aux cuisines enti\u00e8rement \u00e9quip\u00e9es, ils offrent tout ce dont vous avez besoin pour vous sentir \u00e0 l'aise. Et apr\u00e8s une longue journ\u00e9e au salon, vous pourrez vous d\u00e9tendre et vous ressourcer dans votre propre retraite.<\/p><h5>Situation id\u00e9ale pour les visiteurs du salon<\/h5><p>L'emplacement de nos h\u00e9bergements est un atout suppl\u00e9mentaire. Situ\u00e9s \u00e0 proximit\u00e9 du parc des expositions, ils vous offrent une base de d\u00e9part parfaite pour vos visites de salons. Vous pouvez vous rendre facilement \u00e0 pied ou en transports en commun sur les lieux de l'\u00e9v\u00e9nement, ce qui vous permet d'\u00e9conomiser un temps et des efforts pr\u00e9cieux.<\/p><h5>Flexibilit\u00e9 et individualit\u00e9<\/h5><p>Ce qui rend nos appartements de vacances et nos chambres priv\u00e9es si particuliers, c'est leur flexibilit\u00e9 et leur individualit\u00e9. Que vous voyagiez seul, avec des coll\u00e8gues ou en groupe, nous avons des logements qui r\u00e9pondent \u00e0 vos besoins. Vous pouvez choisir parmi une multitude d'options et s\u00e9lectionner celle qui correspond le mieux \u00e0 vos besoins.<\/p>\t\t\t\t\t\t\t\t<\/div>\n\t\t\t\t<\/div>\n\t\t\t\t\t<\/div>\n\t\t<\/div>\n\t\t\t\t\t<\/div>\n\t\t<\/section>\n\t\t\t\t<section class=\"elementor-section elementor-top-section elementor-element elementor-element-6d90dff elementor-section-boxed elementor-section-height-default elementor-section-height-default\" data-id=\"6d90dff\" data-element_type=\"section\" data-e-type=\"section\">\n\t\t\t\t\t\t<div class=\"elementor-container elementor-column-gap-default\">\n\t\t\t\t\t<div class=\"elementor-column elementor-col-100 elementor-top-column elementor-element elementor-element-e07ab90\" data-id=\"e07ab90\" data-element_type=\"column\" data-e-type=\"column\">\n\t\t\t<div class=\"elementor-widget-wrap elementor-element-populated\">\n\t\t\t\t\t\t<div class=\"elementor-element elementor-element-692e94f elementor-cta--skin-classic elementor-animated-content elementor-bg-transform elementor-bg-transform-zoom-in elementor-widget elementor-widget-call-to-action\" data-id=\"692e94f\" data-element_type=\"widget\" data-e-type=\"widget\" data-widget_type=\"call-to-action.default\">\n\t\t\t\t<div class=\"elementor-widget-container\">\n\t\t\t\t\t\t\t<div class=\"elementor-cta\">\n\t\t\t\t\t\t\t<div class=\"elementor-cta__content\">\n\t\t\t\t\n\t\t\t\t\t\t\t\t\t<h2 class=\"elementor-cta__title elementor-cta__content-item elementor-content-item\">\n\t\t\t\t\t\tAppartements de vacances &amp; chambres priv\u00e9es\t\t\t\t\t<\/h2>\n\t\t\t\t\n\t\t\t\t\t\t\t\t\t<div class=\"elementor-cta__description elementor-cta__content-item elementor-content-item\">\n\t\t\t\t\t\tD\u00e9couvre des appartements et des chambres priv\u00e9es confortables \u00e0 Hanovre pour ton prochain s\u00e9jour. R\u00e9servez d\u00e8s maintenant et vivez la ville comme un habitant.\t\t\t\t\t<\/div>\n\t\t\t\t\n\t\t\t\t\t\t\t\t\t<div class=\"elementor-cta__button-wrapper elementor-cta__content-item elementor-content-item\">\n\t\t\t\t\t<a class=\"elementor-cta__button elementor-button elementor-size-\" href=\"https:\/\/tportal.tomas.travel\/hannover-privatvermietung\/ukv\/?lang=de\" target=\"_blank\" rel=\"noopener\">\n\t\t\t\t\t\tRechercher &amp; demander\t\t\t\t\t<\/a>\n\t\t\t\t\t<\/div>\n\t\t\t\t\t\t\t<\/div>\n\t\t\t\t\t\t<\/div>\n\t\t\t\t\t\t<\/div>\n\t\t\t\t<\/div>\n\t\t\t\t\t<\/div>\n\t\t<\/div>\n\t\t\t\t\t<\/div>\n\t\t<\/section>\n\t\t\t\t<section class=\"elementor-section elementor-top-section elementor-element elementor-element-80a841b elementor-section-boxed elementor-section-height-default elementor-section-height-default\" data-id=\"80a841b\" data-element_type=\"section\" data-e-type=\"section\">\n\t\t\t\t\t\t<div class=\"elementor-container elementor-column-gap-default\">\n\t\t\t\t\t<div class=\"elementor-column elementor-col-100 elementor-top-column elementor-element elementor-element-f40f603\" data-id=\"f40f603\" data-element_type=\"column\" data-e-type=\"column\">\n\t\t\t<div class=\"elementor-widget-wrap elementor-element-populated\">\n\t\t\t\t\t\t<div class=\"elementor-element elementor-element-ace14e0 elementor-widget elementor-widget-text-editor\" data-id=\"ace14e0\" data-element_type=\"widget\" data-e-type=\"widget\" data-widget_type=\"text-editor.default\">\n\t\t\t\t<div class=\"elementor-widget-container\">\n\t\t\t\t\t\t\t\t\t<h3>R\u00e9servez d\u00e8s maintenant le logement de vos r\u00eaves<\/h3><p>Profitez de cette occasion pour faire de votre s\u00e9jour \u00e0 la foire de Hanovre une exp\u00e9rience inoubliable. R\u00e9servez d\u00e8s aujourd'hui l'un de nos appartements ou l'une de nos chambres priv\u00e9es et profitez du confort, de la convivialit\u00e9 et de l'emplacement id\u00e9al pendant votre s\u00e9jour \u00e0 la foire.<\/p><p>Notre \u00e9quipe de collaborateurs exp\u00e9riment\u00e9s se fera un plaisir de vous aider \u00e0 trouver l'h\u00f4tel id\u00e9al. Utilisez notre simple formulaire de demande pour nous faire part de vos pr\u00e9f\u00e9rences et de vos besoins. Nous nous chargeons de n\u00e9gocier les prix, de v\u00e9rifier les disponibilit\u00e9s et de nous occuper de tous les d\u00e9tails de votre r\u00e9servation. Vous pourrez ainsi pr\u00e9parer votre voyage en toute s\u00e9r\u00e9nit\u00e9.<\/p><h5>Contactez-nous !<\/h5><p>Planifiez votre prochaine visite \u00e0 Hanovre avec le service d'h\u00e9bergement de Hanovre et profitez d'un processus de r\u00e9servation sans faille, d'un service client de qualit\u00e9 et d'une exp\u00e9rience inoubliable dans cette ville anim\u00e9e. Envoyez-nous votre demande et laissez-nous vous aider \u00e0 faire de votre s\u00e9jour \u00e0 Hanovre une exp\u00e9rience sp\u00e9ciale.<\/p><p style=\"text-align: right;\"><strong><a href=\"https:\/\/www.visit-hannover.com\/Media\/visit-hannover\/GIS\/Organisationen\/Zimmervermittlung-Hannover\" target=\"_blank\" rel=\"noopener\">\u00c9quipe de placement en chambre\u00a0<\/a><br \/><\/strong>T\u00e9l. +49 (0) 511 \/ 12345-555\u00a0<br \/>hotels@hannover-tourismus.de<\/p>\t\t\t\t\t\t\t\t<\/div>\n\t\t\t\t<\/div>\n\t\t\t\t\t<\/div>\n\t\t<\/div>\n\t\t\t\t\t<\/div>\n\t\t<\/section>\n\t\t\t\t<section class=\"elementor-section elementor-top-section elementor-element elementor-element-a9d1abb elementor-section-boxed elementor-section-height-default elementor-section-height-default\" data-id=\"a9d1abb\" data-element_type=\"section\" data-e-type=\"section\">\n\t\t\t\t\t\t<div class=\"elementor-container elementor-column-gap-default\">\n\t\t\t\t\t<div class=\"elementor-column elementor-col-100 elementor-top-column elementor-element elementor-element-d204ef0\" data-id=\"d204ef0\" data-element_type=\"column\" data-e-type=\"column\">\n\t\t\t<div class=\"elementor-widget-wrap elementor-element-populated\">\n\t\t\t\t\t\t<div class=\"elementor-element elementor-element-eba1c23 elementor-cta--skin-classic elementor-animated-content elementor-bg-transform elementor-bg-transform-zoom-in elementor-widget elementor-widget-call-to-action\" data-id=\"eba1c23\" data-element_type=\"widget\" data-e-type=\"widget\" data-widget_type=\"call-to-action.default\">\n\t\t\t\t<div class=\"elementor-widget-container\">\n\t\t\t\t\t\t\t<div class=\"elementor-cta\">\n\t\t\t\t\t\t\t<div class=\"elementor-cta__content\">\n\t\t\t\t\n\t\t\t\t\t\t\t\t\t<h2 class=\"elementor-cta__title elementor-cta__content-item elementor-content-item\">\n\t\t\t\t\t\tDeviens l'h\u00f4te de Hanovre : Mutti de la foire 4.0\t\t\t\t\t<\/h2>\n\t\t\t\t\n\t\t\t\t\t\t\t\t\t<div class=\"elementor-cta__description elementor-cta__content-item elementor-content-item\">\n\t\t\t\t\t\tVous avez un espace de vie inutilis\u00e9 et vous aimez accueillir des invit\u00e9s du monde entier ? Alors rejoignez la communaut\u00e9 \"Messemutti 4.0\" et faites passer l'hospitalit\u00e9 de Hanovre \u00e0 un niveau sup\u00e9rieur.\t\t\t\t\t<\/div>\n\t\t\t\t\n\t\t\t\t\t\t\t\t\t<div class=\"elementor-cta__button-wrapper elementor-cta__content-item elementor-content-item\">\n\t\t\t\t\t<a class=\"elementor-cta__button elementor-button elementor-size-\" href=\"https:\/\/hannover-living.de\/fr\/chambre-privee-2\/\">\n\t\t\t\t\t\tDevenir une maman de salon 4.0\t\t\t\t\t<\/a>\n\t\t\t\t\t<\/div>\n\t\t\t\t\t\t\t<\/div>\n\t\t\t\t\t\t<\/div>\n\t\t\t\t\t\t<\/div>\n\t\t\t\t<\/div>\n\t\t\t\t\t<\/div>\n\t\t<\/div>\n\t\t\t\t\t<\/div>\n\t\t<\/section>\n\t\t\t\t<\/div>","protected":false},"excerpt":{"rendered":"<p>D\u00e9couvre le confort et la convivialit\u00e9 : appartements et chambres priv\u00e9es pendant les foires ou autres s\u00e9jours \u00e0 Hanovre.<\/p>","protected":false},"author":7,"featured_media":23216,"comment_status":"closed","ping_status":"closed","sticky":false,"template":"","format":"standard","meta":{"footnotes":""},"categories":[2],"tags":[118,120,121,119],"class_list":["post-23215","post","type-post","status-publish","format-standard","has-post-thumbnail","hentry","category-uebernachtungsangebote","tag-uebernachtung","tag-ferienwohnung","tag-privatzimmer","tag-zimmervermittlung"],"_links":{"self":[{"href":"https:\/\/hannover-living.de\/fr\/wp-json\/wp\/v2\/posts\/23215","targetHints":{"allow":["GET"]}}],"collection":[{"href":"https:\/\/hannover-living.de\/fr\/wp-json\/wp\/v2\/posts"}],"about":[{"href":"https:\/\/hannover-living.de\/fr\/wp-json\/wp\/v2\/types\/post"}],"author":[{"embeddable":true,"href":"https:\/\/hannover-living.de\/fr\/wp-json\/wp\/v2\/users\/7"}],"replies":[{"embeddable":true,"href":"https:\/\/hannover-living.de\/fr\/wp-json\/wp\/v2\/comments?post=23215"}],"version-history":[{"count":1,"href":"https:\/\/hannover-living.de\/fr\/wp-json\/wp\/v2\/posts\/23215\/revisions"}],"predecessor-version":[{"id":36180,"href":"https:\/\/hannover-living.de\/fr\/wp-json\/wp\/v2\/posts\/23215\/revisions\/36180"}],"wp:featuredmedia":[{"embeddable":true,"href":"https:\/\/hannover-living.de\/fr\/wp-json\/wp\/v2\/media\/23216"}],"wp:attachment":[{"href":"https:\/\/hannover-living.de\/fr\/wp-json\/wp\/v2\/media?parent=23215"}],"wp:term":[{"taxonomy":"category","embeddable":true,"href":"https:\/\/hannover-living.de\/fr\/wp-json\/wp\/v2\/categories?post=23215"},{"taxonomy":"post_tag","embeddable":true,"href":"https:\/\/hannover-living.de\/fr\/wp-json\/wp\/v2\/tags?post=23215"}],"curies":[{"name":"wp","href":"https:\/\/api.w.org\/{rel}","templated":true}]}}