{"id":41073,"date":"2025-07-30T18:53:56","date_gmt":"2025-07-30T16:53:56","guid":{"rendered":"https:\/\/hannover-living.de\/?p=41073"},"modified":"2025-09-01T16:26:02","modified_gmt":"2025-09-01T14:26:02","slug":"la-fete-du-lac-maschsee-2025-est-ouverte","status":"publish","type":"post","link":"https:\/\/hannover-living.de\/fr\/das-maschseefest-2025-ist-eroeffnet\/","title":{"rendered":"La f\u00eate du lac Maschsee 2025 est ouverte"},"content":{"rendered":"<div data-elementor-type=\"wp-post\" data-elementor-id=\"41073\" class=\"elementor elementor-41073\" data-elementor-post-type=\"post\">\n\t\t\t\t<div class=\"elementor-element elementor-element-9bbef20 e-flex e-con-boxed e-con e-parent\" data-id=\"9bbef20\" data-element_type=\"container\" data-e-type=\"container\">\n\t\t\t\t\t<div class=\"e-con-inner\">\n\t\t\t\t<div class=\"elementor-element elementor-element-66f4729 elementor-widget elementor-widget-text-editor\" data-id=\"66f4729\" data-element_type=\"widget\" data-e-type=\"widget\" data-widget_type=\"text-editor.default\">\n\t\t\t\t<div class=\"elementor-widget-container\">\n\t\t\t\t\t\t\t\t\t<p>Ce mercredi, la 38e f\u00eate du lac Maschsee a \u00e9t\u00e9 officiellement ouverte \u00e0 Hanovre. Du 30 juillet au 17 ao\u00fbt, les rives du lac Maschsee se transformeront pendant 19 jours en un lieu de f\u00eate anim\u00e9. La plus grande f\u00eate lacustre d'Allemagne suscite l'enthousiasme avec sa diversit\u00e9 culinaire du monde entier, plus de 200 concerts en direct sur plusieurs sc\u00e8nes ainsi qu'un programme vari\u00e9 pour les enfants et les familles.<\/p><p>Des classiques tels que la course de canards tr\u00e8s appr\u00e9ci\u00e9e ou la nage aux flambeaux pleine d'ambiance font \u00e0 nouveau partie du programme, tout comme des nouveaut\u00e9s passionnantes. L'un des points forts de cette ann\u00e9e est la Maschsee-Tower, haute d'environ 75 m\u00e8tres, qui offre pour la premi\u00e8re fois des vues \u00e0 couper le souffle sur l'esplanade de la Heinz von Heiden Arena.<\/p><p><strong>Coup d'envoi festif avec un m\u00e9lange de soleil et de nuages<\/strong><\/p><p>La f\u00eate du lac Maschsee a \u00e9t\u00e9 symboliquement ouverte \u00e0 18 heures dans une excellente ambiance et par une temp\u00e9rature estivale de 20 degr\u00e9s. Entour\u00e9s d'\u00e9chassiers color\u00e9s, d'acrobates et de musiciens live, le maire de Hanovre Belit Onay et Andr\u00e9 Lawiszus, directeur de la Hannover Veranstaltungs GmbH (HVG), ont solennellement coup\u00e9 le ruban bleu d'ouverture - accompagn\u00e9s de nombreux invit\u00e9s.<\/p><p>\"Le lac Maschsee se trouve au c\u0153ur de la ville et les Hanovriens l'ont pris en affection - cela vaut \u00e9galement pour la f\u00eate du lac Maschsee. Elle fait depuis longtemps partie de l'ADN culturel de Hanovre au m\u00eame titre que la f\u00eate du tir. Avec son atmosph\u00e8re unique, la plus grande f\u00eate lacustre d'Allemagne attire des gens de pr\u00e8s et de loin. Nous nous r\u00e9jouissons de cette grande f\u00eate diversifi\u00e9e, pacifique et color\u00e9e. Hanovre est pr\u00eate\", d\u00e9clare Onay.<\/p><p>Andr\u00e9 Lawiszus, qui s'occupe des op\u00e9rations de la Maschseefest depuis 2011 et qui, cette ann\u00e9e, est pour la premi\u00e8re fois responsable en tant que directeur de HVG, se r\u00e9jouit \u00e9galement de ce d\u00e9but r\u00e9ussi :<\/p><p>\"Il y a beaucoup \u00e0 d\u00e9couvrir sur les quatre rives - de la nouvelle gastronomie \u00e0 des lieux de plaisir tr\u00e8s particuliers, comme par exemple la rive ouest r\u00e9am\u00e9nag\u00e9e avec Aperitivo Bay\".<\/p><p>La Maschseefest est depuis longtemps plus qu'un festival r\u00e9gional en plein air - elle est devenue, en tant que festival de gastronomie, un v\u00e9ritable \u00e9v\u00e9nement culturel au rayonnement international. Avec son ambiance maritime au c\u0153ur de la ville, il prolonge les vacances d'\u00e9t\u00e9 en Basse-Saxe de deux semaines et demie.<\/p><p>Pr\u00e8s de deux millions de visiteurs sont attendus cette ann\u00e9e encore au plus grand festival d'\u00e9t\u00e9 de Hanovre.<\/p>\t\t\t\t\t\t\t\t<\/div>\n\t\t\t\t<\/div>\n\t\t\t\t\t<\/div>\n\t\t\t\t<\/div>\n\t\t<div class=\"elementor-element elementor-element-2995dd0 e-flex e-con-boxed e-con e-parent\" data-id=\"2995dd0\" data-element_type=\"container\" data-e-type=\"container\">\n\t\t\t\t\t<div class=\"e-con-inner\">\n\t\t\t\t<div class=\"elementor-element elementor-element-51e5098 elementor-align-justify elementor-widget elementor-widget-button\" data-id=\"51e5098\" data-element_type=\"widget\" data-e-type=\"widget\" data-widget_type=\"button.default\">\n\t\t\t\t<div class=\"elementor-widget-container\">\n\t\t\t\t\t\t\t\t\t<div class=\"elementor-button-wrapper\">\n\t\t\t\t\t<a class=\"elementor-button elementor-button-link elementor-size-sm\" href=\"http:\/\/www.maschseefest.de\" target=\"_blank\" rel=\"noopener\">\n\t\t\t\t\t\t<span class=\"elementor-button-content-wrapper\">\n\t\t\t\t\t\t\t\t\t<span class=\"elementor-button-text\">Site officiel<\/span>\n\t\t\t\t\t<\/span>\n\t\t\t\t\t<\/a>\n\t\t\t\t<\/div>\n\t\t\t\t\t\t\t\t<\/div>\n\t\t\t\t<\/div>\n\t\t\t\t\t<\/div>\n\t\t\t\t<\/div>\n\t\t\t\t<\/div>","protected":false},"excerpt":{"rendered":"<p>An diesem Mittwoch wurde in Hannover das 38. Maschseefest offiziell er\u00f6ffnet. Vom 30. Juli bis zum 17. August verwandelt sich das Ufer des Maschsees f\u00fcr 19 Tage in eine pulsierende Festmeile. Deutschlands gr\u00f6\u00dftes Seefest begeistert mit kulinarischer Vielfalt aus aller Welt, mehr als 200 Live-Acts auf mehreren B\u00fchnen sowie einem abwechslungsreichen Programm f\u00fcr Kinder und [&hellip;]<\/p>\n","protected":false},"author":7,"featured_media":41074,"comment_status":"open","ping_status":"open","sticky":false,"template":"","format":"standard","meta":{"footnotes":""},"categories":[1],"tags":[98],"class_list":["post-41073","post","type-post","status-publish","format-standard","has-post-thumbnail","hentry","category-uncategorized","tag-event"],"_links":{"self":[{"href":"https:\/\/hannover-living.de\/fr\/wp-json\/wp\/v2\/posts\/41073","targetHints":{"allow":["GET"]}}],"collection":[{"href":"https:\/\/hannover-living.de\/fr\/wp-json\/wp\/v2\/posts"}],"about":[{"href":"https:\/\/hannover-living.de\/fr\/wp-json\/wp\/v2\/types\/post"}],"author":[{"embeddable":true,"href":"https:\/\/hannover-living.de\/fr\/wp-json\/wp\/v2\/users\/7"}],"replies":[{"embeddable":true,"href":"https:\/\/hannover-living.de\/fr\/wp-json\/wp\/v2\/comments?post=41073"}],"version-history":[{"count":5,"href":"https:\/\/hannover-living.de\/fr\/wp-json\/wp\/v2\/posts\/41073\/revisions"}],"predecessor-version":[{"id":41494,"href":"https:\/\/hannover-living.de\/fr\/wp-json\/wp\/v2\/posts\/41073\/revisions\/41494"}],"wp:featuredmedia":[{"embeddable":true,"href":"https:\/\/hannover-living.de\/fr\/wp-json\/wp\/v2\/media\/41074"}],"wp:attachment":[{"href":"https:\/\/hannover-living.de\/fr\/wp-json\/wp\/v2\/media?parent=41073"}],"wp:term":[{"taxonomy":"category","embeddable":true,"href":"https:\/\/hannover-living.de\/fr\/wp-json\/wp\/v2\/categories?post=41073"},{"taxonomy":"post_tag","embeddable":true,"href":"https:\/\/hannover-living.de\/fr\/wp-json\/wp\/v2\/tags?post=41073"}],"curies":[{"name":"wp","href":"https:\/\/api.w.org\/{rel}","templated":true}]}}