{"id":30346,"date":"2024-10-24T15:22:47","date_gmt":"2024-10-24T13:22:47","guid":{"rendered":"https:\/\/hannover-living.de\/?p=30346"},"modified":"2025-05-02T13:12:25","modified_gmt":"2025-05-02T11:12:25","slug":"chiesa-del-mercato-2","status":"publish","type":"post","link":"https:\/\/hannover-living.de\/it\/marktkirche\/","title":{"rendered":"Chiesa del Mercato"},"content":{"rendered":"<div data-elementor-type=\"wp-post\" data-elementor-id=\"30346\" class=\"elementor elementor-30346\" data-elementor-post-type=\"post\">\n\t\t\t\t<div class=\"elementor-element elementor-element-67403da5 e-flex e-con-boxed e-con e-parent\" data-id=\"67403da5\" data-element_type=\"container\" data-e-type=\"container\">\n\t\t\t\t\t<div class=\"e-con-inner\">\n\t\t\t\t<div class=\"elementor-element elementor-element-20eaec58 elementor-widget elementor-widget-text-editor\" data-id=\"20eaec58\" data-element_type=\"widget\" data-e-type=\"widget\" data-widget_type=\"text-editor.default\">\n\t\t\t\t<div class=\"elementor-widget-container\">\n\t\t\t\t\t\t\t\t\t<h3>Il punto di riferimento nel cuore della citt\u00e0 vecchia<\/h3><p>Costruita nel XIV secolo, \u00e8 la chiesa pi\u00f9 antica del centro storico di Hannover e, con il suo campanile alto 97 metri, \u00e8 una delle attrazioni pi\u00f9 scintillanti di Hannover.<\/p><p>La Marktkirche \u00e8 il pezzo di architettura gotica nord-tedesca pi\u00f9 a sud del Rennomier e non fu effettivamente costruita come previsto.<\/p><figure id=\"attachment_16190\" class=\"wp-caption alignleft\" style=\"width: 237px;\" aria-describedby=\"caption-attachment-16190\"><\/figure>\t\t\t\t\t\t\t\t<\/div>\n\t\t\t\t<\/div>\n\t\t\t\t\t<\/div>\n\t\t\t\t<\/div>\n\t\t<div class=\"elementor-element elementor-element-0d73725 e-flex e-con-boxed e-con e-parent\" data-id=\"0d73725\" data-element_type=\"container\" data-e-type=\"container\">\n\t\t\t\t\t<div class=\"e-con-inner\">\n\t\t\t\t<div class=\"elementor-element elementor-element-8644a23 elementor-widget elementor-widget-gallery\" data-id=\"8644a23\" data-element_type=\"widget\" data-e-type=\"widget\" data-settings=\"{&quot;lazyload&quot;:&quot;yes&quot;,&quot;gallery_layout&quot;:&quot;grid&quot;,&quot;columns&quot;:4,&quot;columns_tablet&quot;:2,&quot;columns_mobile&quot;:1,&quot;gap&quot;:{&quot;unit&quot;:&quot;px&quot;,&quot;size&quot;:10,&quot;sizes&quot;:[]},&quot;gap_laptop&quot;:{&quot;unit&quot;:&quot;px&quot;,&quot;size&quot;:10,&quot;sizes&quot;:[]},&quot;gap_tablet_extra&quot;:{&quot;unit&quot;:&quot;px&quot;,&quot;size&quot;:10,&quot;sizes&quot;:[]},&quot;gap_tablet&quot;:{&quot;unit&quot;:&quot;px&quot;,&quot;size&quot;:10,&quot;sizes&quot;:[]},&quot;gap_mobile&quot;:{&quot;unit&quot;:&quot;px&quot;,&quot;size&quot;:10,&quot;sizes&quot;:[]},&quot;link_to&quot;:&quot;file&quot;,&quot;aspect_ratio&quot;:&quot;3:2&quot;,&quot;overlay_background&quot;:&quot;yes&quot;,&quot;content_hover_animation&quot;:&quot;fade-in&quot;}\" data-widget_type=\"gallery.default\">\n\t\t\t\t<div class=\"elementor-widget-container\">\n\t\t\t\t\t\t\t<div class=\"elementor-gallery__container\">\n\t\t\t\t\t\t\t<a class=\"e-gallery-item elementor-gallery-item elementor-animated-content\" href=\"https:\/\/hannover-living.de\/wp-content\/uploads\/2023\/06\/Altstadt_-Marktkirche_-Martin-Kirchner-22-scaled-1.jpg\" data-elementor-open-lightbox=\"yes\" data-elementor-lightbox-slideshow=\"8644a23\" data-elementor-lightbox-title=\"Gottesdienst in der Marktkirche \u00a9Martin Kirchner\" data-e-action-hash=\"#elementor-action%3Aaction%3Dlightbox%26settings%3DeyJpZCI6MTYxOTAsInVybCI6Imh0dHBzOlwvXC9oYW5ub3Zlci1saXZpbmcuZGVcL3dwLWNvbnRlbnRcL3VwbG9hZHNcLzIwMjNcLzA2XC9BbHRzdGFkdF8tTWFya3RraXJjaGVfLU1hcnRpbi1LaXJjaG5lci0yMi1zY2FsZWQtMS5qcGciLCJzbGlkZXNob3ciOiI4NjQ0YTIzIn0%3D\">\n\t\t\t\t\t<div class=\"e-gallery-image elementor-gallery-item__image\" data-thumbnail=\"https:\/\/hannover-living.de\/wp-content\/uploads\/2023\/06\/Altstadt_-Marktkirche_-Martin-Kirchner-22-scaled-1-300x197.jpg\" data-width=\"300\" data-height=\"197\" aria-label=\"Chiesa del Mercato di Hanover\" role=\"img\" ><\/div>\n\t\t\t\t\t\t\t\t\t\t\t<div class=\"elementor-gallery-item__overlay\"><\/div>\n\t\t\t\t\t\t\t\t\t\t\t\t\t\t<\/a>\n\t\t\t\t\t\t\t<a class=\"e-gallery-item elementor-gallery-item elementor-animated-content\" href=\"https:\/\/hannover-living.de\/wp-content\/uploads\/2021\/03\/H_Altstadt-mit-Marktkirche-@HMTG-e1640113435848.jpg\" data-elementor-open-lightbox=\"yes\" data-elementor-lightbox-slideshow=\"8644a23\" data-elementor-lightbox-title=\"Hannover Altstadt Hannover Altstadt \u00a9HMTG\" data-e-action-hash=\"#elementor-action%3Aaction%3Dlightbox%26settings%3DeyJpZCI6MzA3NSwidXJsIjoiaHR0cHM6XC9cL2hhbm5vdmVyLWxpdmluZy5kZVwvd3AtY29udGVudFwvdXBsb2Fkc1wvMjAyMVwvMDNcL0hfQWx0c3RhZHQtbWl0LU1hcmt0a2lyY2hlLUBITVRHLWUxNjQwMTEzNDM1ODQ4LmpwZyIsInNsaWRlc2hvdyI6Ijg2NDRhMjMifQ%3D%3D\">\n\t\t\t\t\t<div class=\"e-gallery-image elementor-gallery-item__image\" data-thumbnail=\"https:\/\/hannover-living.de\/wp-content\/uploads\/2021\/03\/H_Altstadt-mit-Marktkirche-@HMTG-e1640113435848-300x187.jpg\" data-width=\"300\" data-height=\"187\" aria-label=\"Centro storico di Hannover\" role=\"img\" ><\/div>\n\t\t\t\t\t\t\t\t\t\t\t<div class=\"elementor-gallery-item__overlay\"><\/div>\n\t\t\t\t\t\t\t\t\t\t\t\t\t\t<\/a>\n\t\t\t\t\t<\/div>\n\t\t\t\t\t<\/div>\n\t\t\t\t<\/div>\n\t\t\t\t\t<\/div>\n\t\t\t\t<\/div>\n\t\t<div class=\"elementor-element elementor-element-8ca57b8 e-flex e-con-boxed e-con e-parent\" data-id=\"8ca57b8\" data-element_type=\"container\" data-e-type=\"container\">\n\t\t\t\t\t<div class=\"e-con-inner\">\n\t\t\t\t<div class=\"elementor-element elementor-element-0bebc2e elementor-widget elementor-widget-spacer\" data-id=\"0bebc2e\" data-element_type=\"widget\" data-e-type=\"widget\" data-widget_type=\"spacer.default\">\n\t\t\t\t<div class=\"elementor-widget-container\">\n\t\t\t\t\t\t\t<div class=\"elementor-spacer\">\n\t\t\t<div class=\"elementor-spacer-inner\"><\/div>\n\t\t<\/div>\n\t\t\t\t\t\t<\/div>\n\t\t\t\t<\/div>\n\t\t\t\t<div class=\"elementor-element elementor-element-9cf0404 elementor-widget elementor-widget-text-editor\" data-id=\"9cf0404\" data-element_type=\"widget\" data-e-type=\"widget\" data-widget_type=\"text-editor.default\">\n\t\t\t\t<div class=\"elementor-widget-container\">\n\t\t\t\t\t\t\t\t\t<p>Per motivi finanziari, la costruzione della torre dovette essere interrotta quasi 650 anni fa, per cui fu aggiunta una guglia accorciata, che ornava la torre della Marktkirche fino alla distruzione della chiesa durante la Seconda Guerra Mondiale.<\/p><p>Nel 1952, la Marktkirche \u00e8 stata ricostruita nello storico stile gotico in mattoni.<\/p><p>Ancora oggi, la chiesa protestante-luterana di St. Georgii et Jacobi rappresenta la fede e la cultura di molti hannoveriani.<\/p>\t\t\t\t\t\t\t\t<\/div>\n\t\t\t\t<\/div>\n\t\t\t\t\t<\/div>\n\t\t\t\t<\/div>\n\t\t<div class=\"elementor-element elementor-element-7bcad30 e-con-full e-flex e-con e-parent\" data-id=\"7bcad30\" data-element_type=\"container\" data-e-type=\"container\">\n\t\t\t\t<div class=\"elementor-element elementor-element-7bceaf1 elementor-view-default elementor-widget elementor-widget-icon\" data-id=\"7bceaf1\" data-element_type=\"widget\" data-e-type=\"widget\" data-widget_type=\"icon.default\">\n\t\t\t\t<div class=\"elementor-widget-container\">\n\t\t\t\t\t\t\t<div class=\"elementor-icon-wrapper\">\n\t\t\t<div class=\"elementor-icon\">\n\t\t\t<svg aria-hidden=\"true\" class=\"e-font-icon-svg e-fab-instagram\" viewbox=\"0 0 448 512\" xmlns=\"http:\/\/www.w3.org\/2000\/svg\"><path d=\"M224.1 141c-63.6 0-114.9 51.3-114.9 114.9s51.3 114.9 114.9 114.9S339 319.5 339 255.9 287.7 141 224.1 141zm0 189.6c-41.1 0-74.7-33.5-74.7-74.7s33.5-74.7 74.7-74.7 74.7 33.5 74.7 74.7-33.6 74.7-74.7 74.7zm146.4-194.3c0 14.9-12 26.8-26.8 26.8-14.9 0-26.8-12-26.8-26.8s12-26.8 26.8-26.8 26.8 12 26.8 26.8zm76.1 27.2c-1.7-35.9-9.9-67.7-36.2-93.9-26.2-26.2-58-34.4-93.9-36.2-37-2.1-147.9-2.1-184.9 0-35.8 1.7-67.6 9.9-93.9 36.1s-34.4 58-36.2 93.9c-2.1 37-2.1 147.9 0 184.9 1.7 35.9 9.9 67.7 36.2 93.9s58 34.4 93.9 36.2c37 2.1 147.9 2.1 184.9 0 35.9-1.7 67.7-9.9 93.9-36.2 26.2-26.2 34.4-58 36.2-93.9 2.1-37 2.1-147.8 0-184.8zM398.8 388c-7.8 19.6-22.9 34.7-42.6 42.6-29.5 11.7-99.5 9-132.1 9s-102.7 2.6-132.1-9c-19.6-7.8-34.7-22.9-42.6-42.6-11.7-29.5-9-99.5-9-132.1s-2.6-102.7 9-132.1c7.8-19.6 22.9-34.7 42.6-42.6 29.5-11.7 99.5-9 132.1-9s102.7-2.6 132.1 9c19.6 7.8 34.7 22.9 42.6 42.6 11.7 29.5 9 99.5 9 132.1s2.7 102.7-9 132.1z\"><\/path><\/svg>\t\t\t<\/div>\n\t\t<\/div>\n\t\t\t\t\t\t<\/div>\n\t\t\t\t<\/div>\n\t\t\t\t<div class=\"elementor-element elementor-element-44c67b8 elementor-widget elementor-widget-text-editor\" data-id=\"44c67b8\" data-element_type=\"widget\" data-e-type=\"widget\" data-widget_type=\"text-editor.default\">\n\t\t\t\t<div class=\"elementor-widget-container\">\n\t\t\t\t\t\t\t\t\t<p style=\"text-align: center;\"><strong>Rimanete aggiornati con noi e seguiteci su Instagram a <a href=\"https:\/\/www.instagram.com\/visithannover\/\" target=\"_new\" rel=\"noopener\">@visithannover<\/a> per ricevere gli ultimi consigli sugli eventi e le ultime novit\u00e0!<\/strong><\/p>\t\t\t\t\t\t\t\t<\/div>\n\t\t\t\t<\/div>\n\t\t\t\t<\/div>\n\t\t<div class=\"elementor-element elementor-element-42b30fa e-flex e-con-boxed e-con e-parent\" data-id=\"42b30fa\" data-element_type=\"container\" data-e-type=\"container\">\n\t\t\t\t\t<div class=\"e-con-inner\">\n\t\t\t\t\t<\/div>\n\t\t\t\t<\/div>\n\t\t\t\t<\/div>","protected":false},"excerpt":{"rendered":"<p>La Marktkirche, simbolo di Hannover, colpisce per la sua imponente architettura in mattoni nel cuore della citt\u00e0 vecchia. Un'attrazione storica da non perdere!<\/p>","protected":false},"author":7,"featured_media":16190,"comment_status":"closed","ping_status":"closed","sticky":false,"template":"","format":"standard","meta":{"footnotes":""},"categories":[4,7],"tags":[92],"class_list":["post-30346","post","type-post","status-publish","format-standard","has-post-thumbnail","hentry","category-freizeit","category-sightseeing","tag-sehenswuerdigkeit"],"_links":{"self":[{"href":"https:\/\/hannover-living.de\/it\/wp-json\/wp\/v2\/posts\/30346","targetHints":{"allow":["GET"]}}],"collection":[{"href":"https:\/\/hannover-living.de\/it\/wp-json\/wp\/v2\/posts"}],"about":[{"href":"https:\/\/hannover-living.de\/it\/wp-json\/wp\/v2\/types\/post"}],"author":[{"embeddable":true,"href":"https:\/\/hannover-living.de\/it\/wp-json\/wp\/v2\/users\/7"}],"replies":[{"embeddable":true,"href":"https:\/\/hannover-living.de\/it\/wp-json\/wp\/v2\/comments?post=30346"}],"version-history":[{"count":1,"href":"https:\/\/hannover-living.de\/it\/wp-json\/wp\/v2\/posts\/30346\/revisions"}],"predecessor-version":[{"id":36150,"href":"https:\/\/hannover-living.de\/it\/wp-json\/wp\/v2\/posts\/30346\/revisions\/36150"}],"wp:featuredmedia":[{"embeddable":true,"href":"https:\/\/hannover-living.de\/it\/wp-json\/wp\/v2\/media\/16190"}],"wp:attachment":[{"href":"https:\/\/hannover-living.de\/it\/wp-json\/wp\/v2\/media?parent=30346"}],"wp:term":[{"taxonomy":"category","embeddable":true,"href":"https:\/\/hannover-living.de\/it\/wp-json\/wp\/v2\/categories?post=30346"},{"taxonomy":"post_tag","embeddable":true,"href":"https:\/\/hannover-living.de\/it\/wp-json\/wp\/v2\/tags?post=30346"}],"curies":[{"name":"wp","href":"https:\/\/api.w.org\/{rel}","templated":true}]}}