{"id":41073,"date":"2025-07-30T18:53:56","date_gmt":"2025-07-30T16:53:56","guid":{"rendered":"https:\/\/hannover-living.de\/?p=41073"},"modified":"2025-09-01T16:26:02","modified_gmt":"2025-09-01T14:26:02","slug":"il-maschseefest-2025-e-aperto","status":"publish","type":"post","link":"https:\/\/hannover-living.de\/it\/das-maschseefest-2025-ist-eroeffnet\/","title":{"rendered":"Il Maschseefest 2025 \u00e8 aperto"},"content":{"rendered":"<div data-elementor-type=\"wp-post\" data-elementor-id=\"41073\" class=\"elementor elementor-41073\" data-elementor-post-type=\"post\">\n\t\t\t\t<div class=\"elementor-element elementor-element-9bbef20 e-flex e-con-boxed e-con e-parent\" data-id=\"9bbef20\" data-element_type=\"container\" data-e-type=\"container\">\n\t\t\t\t\t<div class=\"e-con-inner\">\n\t\t\t\t<div class=\"elementor-element elementor-element-66f4729 elementor-widget elementor-widget-text-editor\" data-id=\"66f4729\" data-element_type=\"widget\" data-e-type=\"widget\" data-widget_type=\"text-editor.default\">\n\t\t\t\t<div class=\"elementor-widget-container\">\n\t\t\t\t\t\t\t\t\t<p>Mercoled\u00ec scorso \u00e8 stata inaugurata ufficialmente la 38a edizione del Maschsee Festival di Hannover. Dal 30 luglio al 17 agosto, le rive del Maschsee si trasformeranno per 19 giorni in un vivace miglio festival. Il pi\u00f9 grande festival lacustre della Germania delizier\u00e0 i visitatori con specialit\u00e0 culinarie provenienti da tutto il mondo, oltre 200 spettacoli dal vivo su diversi palcoscenici e un programma vario per bambini e famiglie.<\/p><p>Classici come la popolare corsa delle anatre o la suggestiva nuotata con le fiaccole fanno ancora una volta parte del programma, cos\u00ec come nuove ed entusiasmanti caratteristiche. Un'attrazione di quest'anno \u00e8 la torre di Maschsee, alta 75 metri, che per la prima volta offrir\u00e0 una vista mozzafiato sul piazzale dell'Heinz von Heiden Arena.<\/p><p><strong>Inizio di festa con un mix di sole e nuvole<\/strong><\/p><p>La Maschseefest \u00e8 stata simbolicamente inaugurata alle 18.00 in una grande atmosfera e con una fresca temperatura estiva di 20 gradi. Circondati da colorati trampolieri, acrobati e musicisti dal vivo, il sindaco di Hannover Belit Onay e Andr\u00e9 Lawiszus, amministratore delegato di Hannover Veranstaltungs GmbH (HVG), hanno tagliato il nastro blu dell'inaugurazione, accompagnati da numerosi ospiti.<\/p><p>\"Il lago Maschsee si trova nel cuore della citt\u00e0 e gli abitanti di Hannover lo hanno portato nel cuore, e questo vale anche per il Maschsee Festival. Da tempo fa parte del DNA culturale di Hannover come la Sch\u00fctzenfest. La pi\u00f9 grande festa sul lago della Germania attira persone da vicino e da lontano con la sua atmosfera unica. Ci aspettiamo un festival grande, vario, pacifico e colorato. Hannover \u00e8 pronta\", afferma Onay.<\/p><p>Anche Andr\u00e9 Lawiszus, responsabile delle operazioni del Maschseefest dal 2011 e quest'anno per la prima volta in veste di amministratore delegato della HVG, \u00e8 soddisfatto del successo dell'inizio:<\/p><p>\"C'\u00e8 molto da scoprire su tutte e quattro le sponde - da nuovi ristoranti a luoghi molto speciali da godere, come la sponda ovest di nuova concezione con l'Aperitivo Bay\".<\/p><p>La Maschseefest \u00e8 stata a lungo pi\u00f9 di una semplice festa regionale all'aperto: come festival gastronomico, si \u00e8 trasformata in un vero e proprio evento culturale di richiamo internazionale. Con il suo fascino marittimo nel cuore della citt\u00e0, sembra prolungare di due settimane e mezzo le vacanze estive in Bassa Sassonia.<\/p><p>Anche quest'anno sono attesi circa due milioni di visitatori per il pi\u00f9 grande festival estivo di Hannover.<\/p>\t\t\t\t\t\t\t\t<\/div>\n\t\t\t\t<\/div>\n\t\t\t\t\t<\/div>\n\t\t\t\t<\/div>\n\t\t<div class=\"elementor-element elementor-element-2995dd0 e-flex e-con-boxed e-con e-parent\" data-id=\"2995dd0\" data-element_type=\"container\" data-e-type=\"container\">\n\t\t\t\t\t<div class=\"e-con-inner\">\n\t\t\t\t<div class=\"elementor-element elementor-element-51e5098 elementor-align-justify elementor-widget elementor-widget-button\" data-id=\"51e5098\" data-element_type=\"widget\" data-e-type=\"widget\" data-widget_type=\"button.default\">\n\t\t\t\t<div class=\"elementor-widget-container\">\n\t\t\t\t\t\t\t\t\t<div class=\"elementor-button-wrapper\">\n\t\t\t\t\t<a class=\"elementor-button elementor-button-link elementor-size-sm\" href=\"http:\/\/www.maschseefest.de\" target=\"_blank\" rel=\"noopener\">\n\t\t\t\t\t\t<span class=\"elementor-button-content-wrapper\">\n\t\t\t\t\t\t\t\t\t<span class=\"elementor-button-text\">Sito ufficiale<\/span>\n\t\t\t\t\t<\/span>\n\t\t\t\t\t<\/a>\n\t\t\t\t<\/div>\n\t\t\t\t\t\t\t\t<\/div>\n\t\t\t\t<\/div>\n\t\t\t\t\t<\/div>\n\t\t\t\t<\/div>\n\t\t\t\t<\/div>","protected":false},"excerpt":{"rendered":"<p>An diesem Mittwoch wurde in Hannover das 38. Maschseefest offiziell er\u00f6ffnet. Vom 30. Juli bis zum 17. August verwandelt sich das Ufer des Maschsees f\u00fcr 19 Tage in eine pulsierende Festmeile. Deutschlands gr\u00f6\u00dftes Seefest begeistert mit kulinarischer Vielfalt aus aller Welt, mehr als 200 Live-Acts auf mehreren B\u00fchnen sowie einem abwechslungsreichen Programm f\u00fcr Kinder und [&hellip;]<\/p>\n","protected":false},"author":7,"featured_media":41074,"comment_status":"open","ping_status":"open","sticky":false,"template":"","format":"standard","meta":{"footnotes":""},"categories":[1],"tags":[98],"class_list":["post-41073","post","type-post","status-publish","format-standard","has-post-thumbnail","hentry","category-uncategorized","tag-event"],"_links":{"self":[{"href":"https:\/\/hannover-living.de\/it\/wp-json\/wp\/v2\/posts\/41073","targetHints":{"allow":["GET"]}}],"collection":[{"href":"https:\/\/hannover-living.de\/it\/wp-json\/wp\/v2\/posts"}],"about":[{"href":"https:\/\/hannover-living.de\/it\/wp-json\/wp\/v2\/types\/post"}],"author":[{"embeddable":true,"href":"https:\/\/hannover-living.de\/it\/wp-json\/wp\/v2\/users\/7"}],"replies":[{"embeddable":true,"href":"https:\/\/hannover-living.de\/it\/wp-json\/wp\/v2\/comments?post=41073"}],"version-history":[{"count":5,"href":"https:\/\/hannover-living.de\/it\/wp-json\/wp\/v2\/posts\/41073\/revisions"}],"predecessor-version":[{"id":41494,"href":"https:\/\/hannover-living.de\/it\/wp-json\/wp\/v2\/posts\/41073\/revisions\/41494"}],"wp:featuredmedia":[{"embeddable":true,"href":"https:\/\/hannover-living.de\/it\/wp-json\/wp\/v2\/media\/41074"}],"wp:attachment":[{"href":"https:\/\/hannover-living.de\/it\/wp-json\/wp\/v2\/media?parent=41073"}],"wp:term":[{"taxonomy":"category","embeddable":true,"href":"https:\/\/hannover-living.de\/it\/wp-json\/wp\/v2\/categories?post=41073"},{"taxonomy":"post_tag","embeddable":true,"href":"https:\/\/hannover-living.de\/it\/wp-json\/wp\/v2\/tags?post=41073"}],"curies":[{"name":"wp","href":"https:\/\/api.w.org\/{rel}","templated":true}]}}