{"id":41073,"date":"2025-07-30T18:53:56","date_gmt":"2025-07-30T16:53:56","guid":{"rendered":"https:\/\/hannover-living.de\/?p=41073"},"modified":"2025-09-01T16:26:02","modified_gmt":"2025-09-01T14:26:02","slug":"het-maschseefeest-2025-is-geopend","status":"publish","type":"post","link":"https:\/\/hannover-living.de\/nl\/das-maschseefest-2025-ist-eroeffnet\/","title":{"rendered":"Het Maschseefest 2025 is geopend"},"content":{"rendered":"<div data-elementor-type=\"wp-post\" data-elementor-id=\"41073\" class=\"elementor elementor-41073\" data-elementor-post-type=\"post\">\n\t\t\t\t<div class=\"elementor-element elementor-element-9bbef20 e-flex e-con-boxed e-con e-parent\" data-id=\"9bbef20\" data-element_type=\"container\" data-e-type=\"container\">\n\t\t\t\t\t<div class=\"e-con-inner\">\n\t\t\t\t<div class=\"elementor-element elementor-element-66f4729 elementor-widget elementor-widget-text-editor\" data-id=\"66f4729\" data-element_type=\"widget\" data-e-type=\"widget\" data-widget_type=\"text-editor.default\">\n\t\t\t\t<div class=\"elementor-widget-container\">\n\t\t\t\t\t\t\t\t\t<p>Deze woensdag vond de offici\u00eble opening plaats van het 38e Maschsee Festival in Hannover. Van 30 juli tot 17 augustus worden de oevers van de Maschsee 19 dagen lang omgetoverd tot een bruisende festivalmijl. Het grootste merenfestival van Duitsland zal bezoekers verblijden met culinaire hoogstandjes uit de hele wereld, meer dan 200 live-acts op verschillende podia en een gevarieerd programma voor kinderen en gezinnen.<\/p><p>Klassiekers zoals de populaire eendenrace of de sfeervolle fakkelzwemtocht maken ook dit jaar weer deel uit van het programma, net als spannende nieuwigheden. Een hoogtepunt dit jaar is de 75 meter hoge Maschsee Toren, die voor het eerst een adembenemend uitzicht zal bieden op het voorplein van de Heinz von Heiden Arena.<\/p><p><strong>Feestelijke start met een mix van zon en wolken<\/strong><\/p><p>Het Maschsee Festival werd symbolisch geopend om 18.00 uur in een geweldige sfeer en een frisse zomerse 20 graden. Omringd door kleurrijke steltenlopers, acrobaten en live muzikanten knipten burgemeester Belit Onay van Hannover en Andr\u00e9 Lawiszus, directeur van Hannover Veranstaltungs GmbH (HVG), ceremonieel het blauwe openingslint door - vergezeld door talrijke gasten.<\/p><p>\"Het meer de Maschsee ligt in het hart van de stad en de mensen van Hannover hebben het in hun hart gesloten - en dat geldt ook voor het Maschsee Festival. Het maakt al lang net zo veel deel uit van het culturele DNA van Hannover als het Sch\u00fctzenfest. Het grootste meerfeest van Duitsland trekt met zijn unieke sfeer mensen van heinde en verre aan. We kijken uit naar een groot, divers, vredig en kleurrijk festival. Hannover is er klaar voor,\" zegt Onay.<\/p><p>Andr\u00e9 Lawiszus, die sinds 2011 verantwoordelijk is voor de exploitatie van het Maschseefest en dit jaar voor het eerst als directeur van de HVG verantwoordelijk is, is ook blij met de succesvolle start:<\/p><p>\"Er is veel te ontdekken op alle vier de oevers - van nieuwe restaurants tot heel bijzondere plekken om te genieten, zoals de nieuw ontworpen westoever met Aperitivo Bay.\"<\/p><p>Het Maschseefest is al lang meer dan een regionaal openluchtfestival - als eetfestijn heeft het zich ontwikkeld tot een echt cultureel evenement met internationale allure. Met zijn maritieme flair in het hart van de stad voelt het alsof het de zomervakantie in Nedersaksen met twee\u00ebnhalve week verlengt.<\/p><p>Er worden dit jaar weer rond de twee miljoen bezoekers verwacht op Hannover's grootste zomerfestival.<\/p>\t\t\t\t\t\t\t\t<\/div>\n\t\t\t\t<\/div>\n\t\t\t\t\t<\/div>\n\t\t\t\t<\/div>\n\t\t<div class=\"elementor-element elementor-element-2995dd0 e-flex e-con-boxed e-con e-parent\" data-id=\"2995dd0\" data-element_type=\"container\" data-e-type=\"container\">\n\t\t\t\t\t<div class=\"e-con-inner\">\n\t\t\t\t<div class=\"elementor-element elementor-element-51e5098 elementor-align-justify elementor-widget elementor-widget-button\" data-id=\"51e5098\" data-element_type=\"widget\" data-e-type=\"widget\" data-widget_type=\"button.default\">\n\t\t\t\t<div class=\"elementor-widget-container\">\n\t\t\t\t\t\t\t\t\t<div class=\"elementor-button-wrapper\">\n\t\t\t\t\t<a class=\"elementor-button elementor-button-link elementor-size-sm\" href=\"http:\/\/www.maschseefest.de\" target=\"_blank\" rel=\"noopener\">\n\t\t\t\t\t\t<span class=\"elementor-button-content-wrapper\">\n\t\t\t\t\t\t\t\t\t<span class=\"elementor-button-text\">Offici\u00eble website<\/span>\n\t\t\t\t\t<\/span>\n\t\t\t\t\t<\/a>\n\t\t\t\t<\/div>\n\t\t\t\t\t\t\t\t<\/div>\n\t\t\t\t<\/div>\n\t\t\t\t\t<\/div>\n\t\t\t\t<\/div>\n\t\t\t\t<\/div>","protected":false},"excerpt":{"rendered":"<p>An diesem Mittwoch wurde in Hannover das 38. Maschseefest offiziell er\u00f6ffnet. Vom 30. Juli bis zum 17. August verwandelt sich das Ufer des Maschsees f\u00fcr 19 Tage in eine pulsierende Festmeile. Deutschlands gr\u00f6\u00dftes Seefest begeistert mit kulinarischer Vielfalt aus aller Welt, mehr als 200 Live-Acts auf mehreren B\u00fchnen sowie einem abwechslungsreichen Programm f\u00fcr Kinder und [&hellip;]<\/p>\n","protected":false},"author":7,"featured_media":41074,"comment_status":"open","ping_status":"open","sticky":false,"template":"","format":"standard","meta":{"footnotes":""},"categories":[1],"tags":[98],"class_list":["post-41073","post","type-post","status-publish","format-standard","has-post-thumbnail","hentry","category-uncategorized","tag-event"],"_links":{"self":[{"href":"https:\/\/hannover-living.de\/nl\/wp-json\/wp\/v2\/posts\/41073","targetHints":{"allow":["GET"]}}],"collection":[{"href":"https:\/\/hannover-living.de\/nl\/wp-json\/wp\/v2\/posts"}],"about":[{"href":"https:\/\/hannover-living.de\/nl\/wp-json\/wp\/v2\/types\/post"}],"author":[{"embeddable":true,"href":"https:\/\/hannover-living.de\/nl\/wp-json\/wp\/v2\/users\/7"}],"replies":[{"embeddable":true,"href":"https:\/\/hannover-living.de\/nl\/wp-json\/wp\/v2\/comments?post=41073"}],"version-history":[{"count":5,"href":"https:\/\/hannover-living.de\/nl\/wp-json\/wp\/v2\/posts\/41073\/revisions"}],"predecessor-version":[{"id":41494,"href":"https:\/\/hannover-living.de\/nl\/wp-json\/wp\/v2\/posts\/41073\/revisions\/41494"}],"wp:featuredmedia":[{"embeddable":true,"href":"https:\/\/hannover-living.de\/nl\/wp-json\/wp\/v2\/media\/41074"}],"wp:attachment":[{"href":"https:\/\/hannover-living.de\/nl\/wp-json\/wp\/v2\/media?parent=41073"}],"wp:term":[{"taxonomy":"category","embeddable":true,"href":"https:\/\/hannover-living.de\/nl\/wp-json\/wp\/v2\/categories?post=41073"},{"taxonomy":"post_tag","embeddable":true,"href":"https:\/\/hannover-living.de\/nl\/wp-json\/wp\/v2\/tags?post=41073"}],"curies":[{"name":"wp","href":"https:\/\/api.w.org\/{rel}","templated":true}]}}