{"id":23215,"date":"2024-02-29T15:02:02","date_gmt":"2024-02-29T14:02:02","guid":{"rendered":"https:\/\/hannover-living.de\/?p=23215"},"modified":"2025-05-02T13:19:39","modified_gmt":"2025-05-02T11:19:39","slug":"apartamenty-wakacyjne-i-pokoje-prywatne","status":"publish","type":"post","link":"https:\/\/hannover-living.de\/pl\/apartamenty-wakacyjne-i-pokoje-prywatne\/","title":{"rendered":"Mieszkania wakacyjne i pokoje prywatne"},"content":{"rendered":"<div data-elementor-type=\"wp-post\" data-elementor-id=\"23215\" class=\"elementor elementor-23215\" data-elementor-post-type=\"post\">\n\t\t\t\t\t\t<section class=\"elementor-section elementor-top-section elementor-element elementor-element-126373a elementor-section-boxed elementor-section-height-default elementor-section-height-default\" data-id=\"126373a\" data-element_type=\"section\" data-e-type=\"section\">\n\t\t\t\t\t\t<div class=\"elementor-container elementor-column-gap-default\">\n\t\t\t\t\t<div class=\"elementor-column elementor-col-100 elementor-top-column elementor-element elementor-element-6085b63\" data-id=\"6085b63\" data-element_type=\"column\" data-e-type=\"column\">\n\t\t\t<div class=\"elementor-widget-wrap elementor-element-populated\">\n\t\t\t\t\t\t<div class=\"elementor-element elementor-element-1948428 elementor-widget elementor-widget-text-editor\" data-id=\"1948428\" data-element_type=\"widget\" data-e-type=\"widget\" data-widget_type=\"text-editor.default\">\n\t\t\t\t<div class=\"elementor-widget-container\">\n\t\t\t\t\t\t\t\t\t<h3>Odkryj komfort i przytulno\u015b\u0107: mieszkania wakacyjne i pokoje prywatne w Hanowerze podczas targ\u00f3w bran\u017cowych<\/h3><p style=\"border: 0px solid #e3e3e3; --tw-border-spacing-x: 0; --tw-border-spacing-y: 0; --tw-translate-x: 0; --tw-translate-y: 0; --tw-rotate: 0; --tw-skew-x: 0; --tw-skew-y: 0; --tw-scale-x: 1; --tw-scale-y: 1; --tw-scroll-snap-strictness: proximity; --tw-ring-offset-width: 0px; --tw-ring-offset-color: #fff; --tw-ring-color: rgba(69,89,164,.5); --tw-ring-offset-shadow: 0 0 transparent; --tw-ring-shadow: 0 0 transparent; --tw-shadow: 0 0 transparent; --tw-shadow-colored: 0 0 transparent; margin: 1.25em 0px; color: #0d0d0d; font-family: S\u00f6hne, ui-sans-serif, system-ui, -apple-system, 'Segoe UI', Roboto, Ubuntu, Cantarell, 'Noto Sans', sans-serif, 'Helvetica Neue', Arial, 'Apple Color Emoji', 'Segoe UI Emoji', 'Segoe UI Symbol', 'Noto Color Emoji'; white-space-collapse: preserve;\">Hanower, miasto pe\u0142ne \u017cycia i r\u00f3\u017cnorodno\u015bci kulturowej, s\u0142ynie nie tylko z imponuj\u0105cych targ\u00f3w, ale tak\u017ce z go\u015bcinno\u015bci. Je\u015bli planujesz wzi\u0105\u0107 udzia\u0142 w targach, chcieliby\u015bmy pom\u00f3c Ci znale\u017a\u0107 idealne zakwaterowanie dostosowane do Twoich potrzeb.<\/p><h5>Idealne rozwi\u0105zanie w zakresie zakwaterowania<\/h5><p>Nasz wyb\u00f3r mieszka\u0144 wakacyjnych i prywatnych pokoi oferuje dom z dala od domu podczas pobytu na targach w Hanowerze. Ciesz si\u0119 komfortem i swobod\u0105 posiadania w\u0142asnych czterech \u015bcian i ucieknij od zgie\u0142ku targ\u00f3w, gdy wycofasz si\u0119 do swojego przytulnego zakwaterowania.<\/p><h5>Komfort i udogodnienia<\/h5><p>Nasze mieszkania wakacyjne i pokoje prywatne s\u0105 starannie urz\u0105dzone, aby pobyt by\u0142 jak najbardziej komfortowy. Od przestronnych salon\u00f3w po w pe\u0142ni wyposa\u017cone kuchnie, oferuj\u0105 wszystko, czego potrzebujesz, aby poczu\u0107 si\u0119 jak w domu. Po d\u0142ugim dniu sp\u0119dzonym na targach mo\u017cesz zrelaksowa\u0107 si\u0119 i na\u0142adowa\u0107 baterie we w\u0142asnym zaciszu.<\/p><h5>Idealna lokalizacja dla odwiedzaj\u0105cych targi<\/h5><p>Lokalizacja naszego zakwaterowania jest kolejnym plusem. Po\u0142o\u017cone w pobli\u017cu centrum wystawowego, oferuj\u0105 idealn\u0105 baz\u0119 wypadow\u0105 na targi. Mo\u017cesz \u0142atwo dotrze\u0107 do obiekt\u00f3w pieszo lub \u015brodkami transportu publicznego, oszcz\u0119dzaj\u0105c cenny czas i wysi\u0142ek.<\/p><h5>Elastyczno\u015b\u0107 i indywidualno\u015b\u0107<\/h5><p>To, co wyr\u00f3\u017cnia nasze mieszkania wakacyjne i pokoje prywatne, to ich elastyczno\u015b\u0107 i indywidualno\u015b\u0107. Niezale\u017cnie od tego, czy podr\u00f3\u017cujesz sam, z kolegami czy w grupie - mamy zakwaterowanie dostosowane do Twoich potrzeb. Mo\u017cesz wybiera\u0107 spo\u015br\u00f3d wielu opcji i wybra\u0107 t\u0119, kt\u00f3ra najlepiej odpowiada Twoim wymaganiom.<\/p>\t\t\t\t\t\t\t\t<\/div>\n\t\t\t\t<\/div>\n\t\t\t\t\t<\/div>\n\t\t<\/div>\n\t\t\t\t\t<\/div>\n\t\t<\/section>\n\t\t\t\t<section class=\"elementor-section elementor-top-section elementor-element elementor-element-6d90dff elementor-section-boxed elementor-section-height-default elementor-section-height-default\" data-id=\"6d90dff\" data-element_type=\"section\" data-e-type=\"section\">\n\t\t\t\t\t\t<div class=\"elementor-container elementor-column-gap-default\">\n\t\t\t\t\t<div class=\"elementor-column elementor-col-100 elementor-top-column elementor-element elementor-element-e07ab90\" data-id=\"e07ab90\" data-element_type=\"column\" data-e-type=\"column\">\n\t\t\t<div class=\"elementor-widget-wrap elementor-element-populated\">\n\t\t\t\t\t\t<div class=\"elementor-element elementor-element-692e94f elementor-cta--skin-classic elementor-animated-content elementor-bg-transform elementor-bg-transform-zoom-in elementor-widget elementor-widget-call-to-action\" data-id=\"692e94f\" data-element_type=\"widget\" data-e-type=\"widget\" data-widget_type=\"call-to-action.default\">\n\t\t\t\t<div class=\"elementor-widget-container\">\n\t\t\t\t\t\t\t<div class=\"elementor-cta\">\n\t\t\t\t\t\t\t<div class=\"elementor-cta__content\">\n\t\t\t\t\n\t\t\t\t\t\t\t\t\t<h2 class=\"elementor-cta__title elementor-cta__content-item elementor-content-item\">\n\t\t\t\t\t\tMieszkania wakacyjne i pokoje prywatne\t\t\t\t\t<\/h2>\n\t\t\t\t\n\t\t\t\t\t\t\t\t\t<div class=\"elementor-cta__description elementor-cta__content-item elementor-content-item\">\n\t\t\t\t\t\tOdkryj przytulne mieszkania wakacyjne i prywatne pokoje w Hanowerze na nast\u0119pny pobyt. Zarezerwuj teraz i poznaj miasto jak miejscowy.\t\t\t\t\t<\/div>\n\t\t\t\t\n\t\t\t\t\t\t\t\t\t<div class=\"elementor-cta__button-wrapper elementor-cta__content-item elementor-content-item\">\n\t\t\t\t\t<a class=\"elementor-cta__button elementor-button elementor-size-\" href=\"https:\/\/tportal.tomas.travel\/hannover-privatvermietung\/ukv\/?lang=de\" target=\"_blank\" rel=\"noopener\">\n\t\t\t\t\t\tWyszukiwanie i zapytania\t\t\t\t\t<\/a>\n\t\t\t\t\t<\/div>\n\t\t\t\t\t\t\t<\/div>\n\t\t\t\t\t\t<\/div>\n\t\t\t\t\t\t<\/div>\n\t\t\t\t<\/div>\n\t\t\t\t\t<\/div>\n\t\t<\/div>\n\t\t\t\t\t<\/div>\n\t\t<\/section>\n\t\t\t\t<section class=\"elementor-section elementor-top-section elementor-element elementor-element-80a841b elementor-section-boxed elementor-section-height-default elementor-section-height-default\" data-id=\"80a841b\" data-element_type=\"section\" data-e-type=\"section\">\n\t\t\t\t\t\t<div class=\"elementor-container elementor-column-gap-default\">\n\t\t\t\t\t<div class=\"elementor-column elementor-col-100 elementor-top-column elementor-element elementor-element-f40f603\" data-id=\"f40f603\" data-element_type=\"column\" data-e-type=\"column\">\n\t\t\t<div class=\"elementor-widget-wrap elementor-element-populated\">\n\t\t\t\t\t\t<div class=\"elementor-element elementor-element-ace14e0 elementor-widget elementor-widget-text-editor\" data-id=\"ace14e0\" data-element_type=\"widget\" data-e-type=\"widget\" data-widget_type=\"text-editor.default\">\n\t\t\t\t<div class=\"elementor-widget-container\">\n\t\t\t\t\t\t\t\t\t<h3>Zarezerwuj wymarzone zakwaterowanie ju\u017c teraz<\/h3><p>Skorzystaj z okazji, aby uczyni\u0107 sw\u00f3j pobyt na targach w Hanowerze niezapomnianym prze\u017cyciem. Zarezerwuj jedno z naszych mieszka\u0144 wakacyjnych lub prywatnych pokoi ju\u017c dzi\u015b i ciesz si\u0119 komfortem, przytulno\u015bci\u0105 i doskona\u0142\u0105 lokalizacj\u0105 podczas pobytu na targach.<\/p><p>Nasz zesp\u00f3\u0142 do\u015bwiadczonych pracownik\u00f3w z przyjemno\u015bci\u0105 pomo\u017ce Ci znale\u017a\u0107 idealny hotel. Skorzystaj z naszego prostego formularza zapytania, aby poinformowa\u0107 nas o swoich preferencjach i wymaganiach. B\u0119dziemy negocjowa\u0107 ceny, sprawdza\u0107 dost\u0119pno\u015b\u0107 i dba\u0107 o wszystkie szczeg\u00f3\u0142y rezerwacji. Ty mo\u017cesz si\u0119 zrelaksowa\u0107 i przygotowa\u0107 do podr\u00f3\u017cy.<\/p><h5>Skontaktuj si\u0119 z nami!<\/h5><p>Zaplanuj swoj\u0105 nast\u0119pn\u0105 wizyt\u0119 w Hanowerze z Hannover Accommodation Service i skorzystaj z bezproblemowego procesu rezerwacji, pierwszorz\u0119dnej obs\u0142ugi klienta i niezapomnianych wra\u017ce\u0144 w tym t\u0119tni\u0105cym \u017cyciem mie\u015bcie. Wy\u015blij nam swoje zapytanie i pozw\u00f3l nam pom\u00f3c Ci uczyni\u0107 Tw\u00f3j pobyt w Hanowerze wyj\u0105tkowym do\u015bwiadczeniem.<\/p><p style=\"text-align: right;\"><strong><a href=\"https:\/\/www.visit-hannover.com\/Media\/visit-hannover\/GIS\/Organisationen\/Zimmervermittlung-Hannover\" target=\"_blank\" rel=\"noopener\">Zesp\u00f3\u0142 ds. zakwaterowania\u00a0<\/a><br \/><\/strong>Telefon +49 (0) 511 \/ 12345-555\u00a0<br \/>hotels@hannover-tourismus.de<\/p>\t\t\t\t\t\t\t\t<\/div>\n\t\t\t\t<\/div>\n\t\t\t\t\t<\/div>\n\t\t<\/div>\n\t\t\t\t\t<\/div>\n\t\t<\/section>\n\t\t\t\t<section class=\"elementor-section elementor-top-section elementor-element elementor-element-a9d1abb elementor-section-boxed elementor-section-height-default elementor-section-height-default\" data-id=\"a9d1abb\" data-element_type=\"section\" data-e-type=\"section\">\n\t\t\t\t\t\t<div class=\"elementor-container elementor-column-gap-default\">\n\t\t\t\t\t<div class=\"elementor-column elementor-col-100 elementor-top-column elementor-element elementor-element-d204ef0\" data-id=\"d204ef0\" data-element_type=\"column\" data-e-type=\"column\">\n\t\t\t<div class=\"elementor-widget-wrap elementor-element-populated\">\n\t\t\t\t\t\t<div class=\"elementor-element elementor-element-eba1c23 elementor-cta--skin-classic elementor-animated-content elementor-bg-transform elementor-bg-transform-zoom-in elementor-widget elementor-widget-call-to-action\" data-id=\"eba1c23\" data-element_type=\"widget\" data-e-type=\"widget\" data-widget_type=\"call-to-action.default\">\n\t\t\t\t<div class=\"elementor-widget-container\">\n\t\t\t\t\t\t\t<div class=\"elementor-cta\">\n\t\t\t\t\t\t\t<div class=\"elementor-cta__content\">\n\t\t\t\t\n\t\t\t\t\t\t\t\t\t<h2 class=\"elementor-cta__title elementor-cta__content-item elementor-content-item\">\n\t\t\t\t\t\tZosta\u0144 gospodarzem Hanoweru: targi mama 4.0\t\t\t\t\t<\/h2>\n\t\t\t\t\n\t\t\t\t\t\t\t\t\t<div class=\"elementor-cta__description elementor-cta__content-item elementor-content-item\">\n\t\t\t\t\t\tMasz niewykorzystan\u0105 przestrze\u0144 \u017cyciow\u0105 i lubisz przyjmowa\u0107 go\u015bci z ca\u0142ego \u015bwiata? Sta\u0144 si\u0119 cz\u0119\u015bci\u0105 spo\u0142eczno\u015bci \"Messemutti 4.0\" i przenie\u015b go\u015bcinno\u015b\u0107 Hanoweru na nowy poziom.\t\t\t\t\t<\/div>\n\t\t\t\t\n\t\t\t\t\t\t\t\t\t<div class=\"elementor-cta__button-wrapper elementor-cta__content-item elementor-content-item\">\n\t\t\t\t\t<a class=\"elementor-cta__button elementor-button elementor-size-\" href=\"https:\/\/hannover-living.de\/pl\/pokoj-prywatny\/\">\n\t\t\t\t\t\tStawanie si\u0119 mam\u0105 targ\u00f3w 4.0\t\t\t\t\t<\/a>\n\t\t\t\t\t<\/div>\n\t\t\t\t\t\t\t<\/div>\n\t\t\t\t\t\t<\/div>\n\t\t\t\t\t\t<\/div>\n\t\t\t\t<\/div>\n\t\t\t\t\t<\/div>\n\t\t<\/div>\n\t\t\t\t\t<\/div>\n\t\t<\/section>\n\t\t\t\t<\/div>","protected":false},"excerpt":{"rendered":"<p>Odkryj komfort i przytulno\u015b\u0107: mieszkania wakacyjne i pokoje prywatne podczas targ\u00f3w lub innych pobyt\u00f3w w Hanowerze.<\/p>","protected":false},"author":7,"featured_media":23216,"comment_status":"closed","ping_status":"closed","sticky":false,"template":"","format":"standard","meta":{"footnotes":""},"categories":[2],"tags":[118,120,121,119],"class_list":["post-23215","post","type-post","status-publish","format-standard","has-post-thumbnail","hentry","category-uebernachtungsangebote","tag-uebernachtung","tag-ferienwohnung","tag-privatzimmer","tag-zimmervermittlung"],"_links":{"self":[{"href":"https:\/\/hannover-living.de\/pl\/wp-json\/wp\/v2\/posts\/23215","targetHints":{"allow":["GET"]}}],"collection":[{"href":"https:\/\/hannover-living.de\/pl\/wp-json\/wp\/v2\/posts"}],"about":[{"href":"https:\/\/hannover-living.de\/pl\/wp-json\/wp\/v2\/types\/post"}],"author":[{"embeddable":true,"href":"https:\/\/hannover-living.de\/pl\/wp-json\/wp\/v2\/users\/7"}],"replies":[{"embeddable":true,"href":"https:\/\/hannover-living.de\/pl\/wp-json\/wp\/v2\/comments?post=23215"}],"version-history":[{"count":1,"href":"https:\/\/hannover-living.de\/pl\/wp-json\/wp\/v2\/posts\/23215\/revisions"}],"predecessor-version":[{"id":36180,"href":"https:\/\/hannover-living.de\/pl\/wp-json\/wp\/v2\/posts\/23215\/revisions\/36180"}],"wp:featuredmedia":[{"embeddable":true,"href":"https:\/\/hannover-living.de\/pl\/wp-json\/wp\/v2\/media\/23216"}],"wp:attachment":[{"href":"https:\/\/hannover-living.de\/pl\/wp-json\/wp\/v2\/media?parent=23215"}],"wp:term":[{"taxonomy":"category","embeddable":true,"href":"https:\/\/hannover-living.de\/pl\/wp-json\/wp\/v2\/categories?post=23215"},{"taxonomy":"post_tag","embeddable":true,"href":"https:\/\/hannover-living.de\/pl\/wp-json\/wp\/v2\/tags?post=23215"}],"curies":[{"name":"wp","href":"https:\/\/api.w.org\/{rel}","templated":true}]}}