{"id":41073,"date":"2025-07-30T18:53:56","date_gmt":"2025-07-30T16:53:56","guid":{"rendered":"https:\/\/hannover-living.de\/?p=41073"},"modified":"2025-09-01T16:26:02","modified_gmt":"2025-09-01T14:26:02","slug":"rozpoczelo-sie-swieto-maschsee-2025","status":"publish","type":"post","link":"https:\/\/hannover-living.de\/pl\/das-maschseefest-2025-ist-eroeffnet\/","title":{"rendered":"Maschseefest 2025 jest otwarty"},"content":{"rendered":"<div data-elementor-type=\"wp-post\" data-elementor-id=\"41073\" class=\"elementor elementor-41073\" data-elementor-post-type=\"post\">\n\t\t\t\t<div class=\"elementor-element elementor-element-9bbef20 e-flex e-con-boxed e-con e-parent\" data-id=\"9bbef20\" data-element_type=\"container\" data-e-type=\"container\">\n\t\t\t\t\t<div class=\"e-con-inner\">\n\t\t\t\t<div class=\"elementor-element elementor-element-66f4729 elementor-widget elementor-widget-text-editor\" data-id=\"66f4729\" data-element_type=\"widget\" data-e-type=\"widget\" data-widget_type=\"text-editor.default\">\n\t\t\t\t<div class=\"elementor-widget-container\">\n\t\t\t\t\t\t\t\t\t<p>W \u015brod\u0119 odby\u0142o si\u0119 oficjalne otwarcie 38. edycji festiwalu Maschsee w Hanowerze. Od 30 lipca do 17 sierpnia brzegi jeziora Maschsee na 19 dni zamieni\u0105 si\u0119 w t\u0119tni\u0105c\u0105 \u017cyciem festiwalow\u0105 mil\u0119. Najwi\u0119kszy festiwal nad jeziorem w Niemczech zachwyci odwiedzaj\u0105cych kulinarnymi przysmakami z ca\u0142ego \u015bwiata, ponad 200 wyst\u0119pami na \u017cywo na kilku scenach oraz zr\u00f3\u017cnicowanym programem dla dzieci i rodzin.<\/p><p>Klasyki, takie jak popularny wy\u015bcig kaczek czy nastrojowe p\u0142ywanie z pochodniami, po raz kolejny s\u0105 cz\u0119\u015bci\u0105 programu, podobnie jak ekscytuj\u0105ce nowo\u015bci. Tegoroczn\u0105 atrakcj\u0105 jest 75-metrowa wie\u017ca Maschsee, kt\u00f3ra po raz pierwszy zapewni zapieraj\u0105ce dech w piersiach widoki na przedpole Heinz von Heiden Arena.<\/p><p><strong>\u015awi\u0105teczny pocz\u0105tek z mieszank\u0105 s\u0142o\u0144ca i chmur<\/strong><\/p><p>Festiwal Maschsee zosta\u0142 symbolicznie otwarty o godzinie 18:00 we wspania\u0142ej atmosferze i przy temperaturze 20 stopni. W otoczeniu kolorowych szczudlarzy, akrobat\u00f3w i muzyk\u00f3w na \u017cywo, burmistrz Hanoweru Belit Onay i Andr\u00e9 Lawiszus, dyrektor zarz\u0105dzaj\u0105cy Hannover Veranstaltungs GmbH (HVG), uroczy\u015bcie przeci\u0119li niebiesk\u0105 wst\u0119g\u0119 otwieraj\u0105c\u0105 - w towarzystwie licznych go\u015bci.<\/p><p>\"Jezioro Maschsee le\u017cy w samym sercu miasta, a mieszka\u0144cy Hanoweru wzi\u0119li je sobie do serca - dotyczy to r\u00f3wnie\u017c festiwalu Maschsee. Od dawna jest on tak samo cz\u0119\u015bci\u0105 kulturalnego DNA Hanoweru, jak Sch\u00fctzenfest. Najwi\u0119kszy festiwal nad jeziorem w Niemczech przyci\u0105ga ludzi z bliska i daleka swoj\u0105 wyj\u0105tkow\u0105 atmosfer\u0105. Z niecierpliwo\u015bci\u0105 czekamy na du\u017cy, r\u00f3\u017cnorodny, spokojny i kolorowy festiwal. Hanower jest gotowy\", m\u00f3wi Onay.<\/p><p>Andr\u00e9 Lawiszus, kt\u00f3ry by\u0142 odpowiedzialny za operacje na Maschseefest od 2011 roku i jest odpowiedzialny za to jako dyrektor zarz\u0105dzaj\u0105cy HVG po raz pierwszy w tym roku, jest r\u00f3wnie\u017c zachwycony udanym startem:<\/p><p>\"Na wszystkich czterech brzegach jest wiele do odkrycia - od nowych restauracji po wyj\u0105tkowe miejsca, takie jak nowo zaprojektowany zachodni brzeg z zatok\u0105 Aperitivo\".<\/p><p>Maschseefest od dawna jest czym\u015b wi\u0119cej ni\u017c tylko regionalnym festiwalem na \u015bwie\u017cym powietrzu - jako festiwal \u017cywno\u015bci rozwin\u0105\u0142 si\u0119 w prawdziwe wydarzenie kulturalne o mi\u0119dzynarodowym zasi\u0119gu. Dzi\u0119ki morskiej atmosferze w samym sercu miasta, mo\u017cna odnie\u015b\u0107 wra\u017cenie, \u017ce wyd\u0142u\u017ca on letnie wakacje w Dolnej Saksonii o dwa i p\u00f3\u0142 tygodnia.<\/p><p>Oczekuje si\u0119, \u017ce w tym roku w najwi\u0119kszym letnim festiwalu w Hanowerze ponownie we\u017amie udzia\u0142 oko\u0142o dw\u00f3ch milion\u00f3w odwiedzaj\u0105cych.<\/p>\t\t\t\t\t\t\t\t<\/div>\n\t\t\t\t<\/div>\n\t\t\t\t\t<\/div>\n\t\t\t\t<\/div>\n\t\t<div class=\"elementor-element elementor-element-2995dd0 e-flex e-con-boxed e-con e-parent\" data-id=\"2995dd0\" data-element_type=\"container\" data-e-type=\"container\">\n\t\t\t\t\t<div class=\"e-con-inner\">\n\t\t\t\t<div class=\"elementor-element elementor-element-51e5098 elementor-align-justify elementor-widget elementor-widget-button\" data-id=\"51e5098\" data-element_type=\"widget\" data-e-type=\"widget\" data-widget_type=\"button.default\">\n\t\t\t\t<div class=\"elementor-widget-container\">\n\t\t\t\t\t\t\t\t\t<div class=\"elementor-button-wrapper\">\n\t\t\t\t\t<a class=\"elementor-button elementor-button-link elementor-size-sm\" href=\"http:\/\/www.maschseefest.de\" target=\"_blank\" rel=\"noopener\">\n\t\t\t\t\t\t<span class=\"elementor-button-content-wrapper\">\n\t\t\t\t\t\t\t\t\t<span class=\"elementor-button-text\">Oficjalna strona internetowa<\/span>\n\t\t\t\t\t<\/span>\n\t\t\t\t\t<\/a>\n\t\t\t\t<\/div>\n\t\t\t\t\t\t\t\t<\/div>\n\t\t\t\t<\/div>\n\t\t\t\t\t<\/div>\n\t\t\t\t<\/div>\n\t\t\t\t<\/div>","protected":false},"excerpt":{"rendered":"<p>An diesem Mittwoch wurde in Hannover das 38. Maschseefest offiziell er\u00f6ffnet. Vom 30. Juli bis zum 17. August verwandelt sich das Ufer des Maschsees f\u00fcr 19 Tage in eine pulsierende Festmeile. Deutschlands gr\u00f6\u00dftes Seefest begeistert mit kulinarischer Vielfalt aus aller Welt, mehr als 200 Live-Acts auf mehreren B\u00fchnen sowie einem abwechslungsreichen Programm f\u00fcr Kinder und [&hellip;]<\/p>\n","protected":false},"author":7,"featured_media":41074,"comment_status":"open","ping_status":"open","sticky":false,"template":"","format":"standard","meta":{"footnotes":""},"categories":[1],"tags":[98],"class_list":["post-41073","post","type-post","status-publish","format-standard","has-post-thumbnail","hentry","category-uncategorized","tag-event"],"_links":{"self":[{"href":"https:\/\/hannover-living.de\/pl\/wp-json\/wp\/v2\/posts\/41073","targetHints":{"allow":["GET"]}}],"collection":[{"href":"https:\/\/hannover-living.de\/pl\/wp-json\/wp\/v2\/posts"}],"about":[{"href":"https:\/\/hannover-living.de\/pl\/wp-json\/wp\/v2\/types\/post"}],"author":[{"embeddable":true,"href":"https:\/\/hannover-living.de\/pl\/wp-json\/wp\/v2\/users\/7"}],"replies":[{"embeddable":true,"href":"https:\/\/hannover-living.de\/pl\/wp-json\/wp\/v2\/comments?post=41073"}],"version-history":[{"count":5,"href":"https:\/\/hannover-living.de\/pl\/wp-json\/wp\/v2\/posts\/41073\/revisions"}],"predecessor-version":[{"id":41494,"href":"https:\/\/hannover-living.de\/pl\/wp-json\/wp\/v2\/posts\/41073\/revisions\/41494"}],"wp:featuredmedia":[{"embeddable":true,"href":"https:\/\/hannover-living.de\/pl\/wp-json\/wp\/v2\/media\/41074"}],"wp:attachment":[{"href":"https:\/\/hannover-living.de\/pl\/wp-json\/wp\/v2\/media?parent=41073"}],"wp:term":[{"taxonomy":"category","embeddable":true,"href":"https:\/\/hannover-living.de\/pl\/wp-json\/wp\/v2\/categories?post=41073"},{"taxonomy":"post_tag","embeddable":true,"href":"https:\/\/hannover-living.de\/pl\/wp-json\/wp\/v2\/tags?post=41073"}],"curies":[{"name":"wp","href":"https:\/\/api.w.org\/{rel}","templated":true}]}}