{"id":23215,"date":"2024-02-29T15:02:02","date_gmt":"2024-02-29T14:02:02","guid":{"rendered":"https:\/\/hannover-living.de\/?p=23215"},"modified":"2025-05-02T13:19:39","modified_gmt":"2025-05-02T11:19:39","slug":"apartamentos-de-ferias-e-quartos-privados","status":"publish","type":"post","link":"https:\/\/hannover-living.de\/pt\/apartamentos-de-ferias-e-quartos-privados\/","title":{"rendered":"Apartamentos de f\u00e9rias e quartos privados"},"content":{"rendered":"<div data-elementor-type=\"wp-post\" data-elementor-id=\"23215\" class=\"elementor elementor-23215\" data-elementor-post-type=\"post\">\n\t\t\t\t\t\t<section class=\"elementor-section elementor-top-section elementor-element elementor-element-126373a elementor-section-boxed elementor-section-height-default elementor-section-height-default\" data-id=\"126373a\" data-element_type=\"section\" data-e-type=\"section\">\n\t\t\t\t\t\t<div class=\"elementor-container elementor-column-gap-default\">\n\t\t\t\t\t<div class=\"elementor-column elementor-col-100 elementor-top-column elementor-element elementor-element-6085b63\" data-id=\"6085b63\" data-element_type=\"column\" data-e-type=\"column\">\n\t\t\t<div class=\"elementor-widget-wrap elementor-element-populated\">\n\t\t\t\t\t\t<div class=\"elementor-element elementor-element-1948428 elementor-widget elementor-widget-text-editor\" data-id=\"1948428\" data-element_type=\"widget\" data-e-type=\"widget\" data-widget_type=\"text-editor.default\">\n\t\t\t\t<div class=\"elementor-widget-container\">\n\t\t\t\t\t\t\t\t\t<h3>Descubra o conforto e o aconchego: apartamentos de f\u00e9rias e quartos privados em Han\u00f4ver durante as feiras<\/h3><p style=\"border: 0px solid #e3e3e3; --tw-border-spacing-x: 0; --tw-border-spacing-y: 0; --tw-translate-x: 0; --tw-translate-y: 0; --tw-rotate: 0; --tw-skew-x: 0; --tw-skew-y: 0; --tw-scale-x: 1; --tw-scale-y: 1; --tw-scroll-snap-strictness: proximity; --tw-ring-offset-width: 0px; --tw-ring-offset-color: #fff; --tw-ring-color: rgba(69,89,164,.5); --tw-ring-offset-shadow: 0 0 transparent; --tw-ring-shadow: 0 0 transparent; --tw-shadow: 0 0 transparent; --tw-shadow-colored: 0 0 transparent; margin: 1.25em 0px; color: #0d0d0d; font-family: S\u00f6hne, ui-sans-serif, system-ui, -apple-system, 'Segoe UI', Roboto, Ubuntu, Cantarell, 'Noto Sans', sans-serif, 'Helvetica Neue', Arial, 'Apple Color Emoji', 'Segoe UI Emoji', 'Segoe UI Symbol', 'Noto Color Emoji'; white-space-collapse: preserve;\">Hannover, uma cidade cheia de vida e diversidade cultural, n\u00e3o \u00e9 apenas conhecida pelas suas impressionantes feiras comerciais, mas tamb\u00e9m pela sua hospitalidade. Se est\u00e1 a planear participar numa feira comercial, gostar\u00edamos de o ajudar a encontrar o alojamento perfeito para as suas necessidades.<\/p><h5>A solu\u00e7\u00e3o de alojamento ideal<\/h5><p>A nossa sele\u00e7\u00e3o de apartamentos de f\u00e9rias e quartos privados oferece-lhe uma casa longe de casa durante a sua estadia na feira em Han\u00f4ver. Desfrute do conforto e da liberdade de ter as suas pr\u00f3prias quatro paredes e fuja da az\u00e1fama da feira quando se refugiar no seu alojamento acolhedor.<\/p><h5>Conforto e comodidades<\/h5><p>Os nossos apartamentos de f\u00e9rias e quartos privados est\u00e3o cuidadosamente mobilados para tornar a sua estadia o mais confort\u00e1vel poss\u00edvel. Desde espa\u00e7osas \u00e1reas de estar a cozinhas totalmente equipadas, oferecem tudo o que precisa para se sentir em casa. E depois de um longo dia na feira, pode relaxar e recarregar as baterias no seu pr\u00f3prio retiro.<\/p><h5>Localiza\u00e7\u00e3o ideal para os visitantes da feira<\/h5><p>A localiza\u00e7\u00e3o dos nossos alojamentos \u00e9 outro ponto positivo. Situados perto do centro de exposi\u00e7\u00f5es, oferecem-lhe a base perfeita para as suas visitas \u00e0 feira. Pode deslocar-se facilmente a p\u00e9 ou de transportes p\u00fablicos para os locais das feiras, poupando tempo e esfor\u00e7o valiosos.<\/p><h5>Flexibilidade e individualidade<\/h5><p>O que torna os nossos apartamentos de f\u00e9rias e quartos privados especiais \u00e9 a sua flexibilidade e individualidade. Quer esteja a viajar sozinho, com colegas ou em grupo - temos alojamentos que se adaptam \u00e0s suas necessidades. Pode escolher entre uma variedade de op\u00e7\u00f5es e selecionar a que melhor se adapta \u00e0s suas necessidades.<\/p>\t\t\t\t\t\t\t\t<\/div>\n\t\t\t\t<\/div>\n\t\t\t\t\t<\/div>\n\t\t<\/div>\n\t\t\t\t\t<\/div>\n\t\t<\/section>\n\t\t\t\t<section class=\"elementor-section elementor-top-section elementor-element elementor-element-6d90dff elementor-section-boxed elementor-section-height-default elementor-section-height-default\" data-id=\"6d90dff\" data-element_type=\"section\" data-e-type=\"section\">\n\t\t\t\t\t\t<div class=\"elementor-container elementor-column-gap-default\">\n\t\t\t\t\t<div class=\"elementor-column elementor-col-100 elementor-top-column elementor-element elementor-element-e07ab90\" data-id=\"e07ab90\" data-element_type=\"column\" data-e-type=\"column\">\n\t\t\t<div class=\"elementor-widget-wrap elementor-element-populated\">\n\t\t\t\t\t\t<div class=\"elementor-element elementor-element-692e94f elementor-cta--skin-classic elementor-animated-content elementor-bg-transform elementor-bg-transform-zoom-in elementor-widget elementor-widget-call-to-action\" data-id=\"692e94f\" data-element_type=\"widget\" data-e-type=\"widget\" data-widget_type=\"call-to-action.default\">\n\t\t\t\t<div class=\"elementor-widget-container\">\n\t\t\t\t\t\t\t<div class=\"elementor-cta\">\n\t\t\t\t\t\t\t<div class=\"elementor-cta__content\">\n\t\t\t\t\n\t\t\t\t\t\t\t\t\t<h2 class=\"elementor-cta__title elementor-cta__content-item elementor-content-item\">\n\t\t\t\t\t\tApartamentos de f\u00e9rias e quartos privados\t\t\t\t\t<\/h2>\n\t\t\t\t\n\t\t\t\t\t\t\t\t\t<div class=\"elementor-cta__description elementor-cta__content-item elementor-content-item\">\n\t\t\t\t\t\tDescubra apartamentos de f\u00e9rias acolhedores e quartos privados em Han\u00f4ver para a sua pr\u00f3xima estadia. Reserve agora e viva a cidade como um habitante local.\t\t\t\t\t<\/div>\n\t\t\t\t\n\t\t\t\t\t\t\t\t\t<div class=\"elementor-cta__button-wrapper elementor-cta__content-item elementor-content-item\">\n\t\t\t\t\t<a class=\"elementor-cta__button elementor-button elementor-size-\" href=\"https:\/\/tportal.tomas.travel\/hannover-privatvermietung\/ukv\/?lang=de\" target=\"_blank\" rel=\"noopener\">\n\t\t\t\t\t\tPesquisa e pedidos de informa\u00e7\u00e3o\t\t\t\t\t<\/a>\n\t\t\t\t\t<\/div>\n\t\t\t\t\t\t\t<\/div>\n\t\t\t\t\t\t<\/div>\n\t\t\t\t\t\t<\/div>\n\t\t\t\t<\/div>\n\t\t\t\t\t<\/div>\n\t\t<\/div>\n\t\t\t\t\t<\/div>\n\t\t<\/section>\n\t\t\t\t<section class=\"elementor-section elementor-top-section elementor-element elementor-element-80a841b elementor-section-boxed elementor-section-height-default elementor-section-height-default\" data-id=\"80a841b\" data-element_type=\"section\" data-e-type=\"section\">\n\t\t\t\t\t\t<div class=\"elementor-container elementor-column-gap-default\">\n\t\t\t\t\t<div class=\"elementor-column elementor-col-100 elementor-top-column elementor-element elementor-element-f40f603\" data-id=\"f40f603\" data-element_type=\"column\" data-e-type=\"column\">\n\t\t\t<div class=\"elementor-widget-wrap elementor-element-populated\">\n\t\t\t\t\t\t<div class=\"elementor-element elementor-element-ace14e0 elementor-widget elementor-widget-text-editor\" data-id=\"ace14e0\" data-element_type=\"widget\" data-e-type=\"widget\" data-widget_type=\"text-editor.default\">\n\t\t\t\t<div class=\"elementor-widget-container\">\n\t\t\t\t\t\t\t\t\t<h3>Reserve j\u00e1 o seu alojamento de sonho<\/h3><p>Aproveite esta oportunidade para tornar a sua estadia na feira em Han\u00f4ver numa experi\u00eancia inesquec\u00edvel. Reserve hoje mesmo um dos nossos apartamentos de f\u00e9rias ou quartos privados e espere conforto, aconchego e uma localiza\u00e7\u00e3o perfeita durante a sua estadia na feira.<\/p><p>A nossa equipa de funcion\u00e1rios experientes ter\u00e1 todo o prazer em ajud\u00e1-lo a encontrar o hotel perfeito. Utilize o nosso simples formul\u00e1rio de consulta para nos dar a conhecer as suas prefer\u00eancias e requisitos. Negociaremos os pre\u00e7os, verificaremos a disponibilidade e trataremos de todos os pormenores da sua reserva. Assim, pode relaxar e preparar-se para a sua viagem.<\/p><h5>Entre em contacto!<\/h5><p>Planeie a sua pr\u00f3xima visita a Han\u00f4ver com o Servi\u00e7o de Alojamento de Han\u00f4ver e beneficie de um processo de reserva sem problemas, de um servi\u00e7o ao cliente de primeira classe e de uma experi\u00eancia inesquec\u00edvel nesta cidade vibrante. Envie-nos o seu pedido de informa\u00e7\u00e3o e deixe-nos ajud\u00e1-lo a tornar a sua estadia em Han\u00f4ver numa experi\u00eancia especial.<\/p><p style=\"text-align: right;\"><strong><a href=\"https:\/\/www.visit-hannover.com\/Media\/visit-hannover\/GIS\/Organisationen\/Zimmervermittlung-Hannover\" target=\"_blank\" rel=\"noopener\">Equipa de alojamento\u00a0<\/a><br \/><\/strong>Telefone +49 (0) 511 \/ 12345-555\u00a0<br \/>hotels@hannover-tourismus.de<\/p>\t\t\t\t\t\t\t\t<\/div>\n\t\t\t\t<\/div>\n\t\t\t\t\t<\/div>\n\t\t<\/div>\n\t\t\t\t\t<\/div>\n\t\t<\/section>\n\t\t\t\t<section class=\"elementor-section elementor-top-section elementor-element elementor-element-a9d1abb elementor-section-boxed elementor-section-height-default elementor-section-height-default\" data-id=\"a9d1abb\" data-element_type=\"section\" data-e-type=\"section\">\n\t\t\t\t\t\t<div class=\"elementor-container elementor-column-gap-default\">\n\t\t\t\t\t<div class=\"elementor-column elementor-col-100 elementor-top-column elementor-element elementor-element-d204ef0\" data-id=\"d204ef0\" data-element_type=\"column\" data-e-type=\"column\">\n\t\t\t<div class=\"elementor-widget-wrap elementor-element-populated\">\n\t\t\t\t\t\t<div class=\"elementor-element elementor-element-eba1c23 elementor-cta--skin-classic elementor-animated-content elementor-bg-transform elementor-bg-transform-zoom-in elementor-widget elementor-widget-call-to-action\" data-id=\"eba1c23\" data-element_type=\"widget\" data-e-type=\"widget\" data-widget_type=\"call-to-action.default\">\n\t\t\t\t<div class=\"elementor-widget-container\">\n\t\t\t\t\t\t\t<div class=\"elementor-cta\">\n\t\t\t\t\t\t\t<div class=\"elementor-cta__content\">\n\t\t\t\t\n\t\t\t\t\t\t\t\t\t<h2 class=\"elementor-cta__title elementor-cta__content-item elementor-content-item\">\n\t\t\t\t\t\tTorne-se o anfitri\u00e3o de Hannover: a m\u00e3e da feira 4.0\t\t\t\t\t<\/h2>\n\t\t\t\t\n\t\t\t\t\t\t\t\t\t<div class=\"elementor-cta__description elementor-cta__content-item elementor-content-item\">\n\t\t\t\t\t\tTem um espa\u00e7o de vida n\u00e3o utilizado e gosta de receber h\u00f3spedes de todo o mundo? Ent\u00e3o fa\u00e7a parte da comunidade \"Messemutti 4.0\" e leve a hospitalidade de Hanover a um novo n\u00edvel.\t\t\t\t\t<\/div>\n\t\t\t\t\n\t\t\t\t\t\t\t\t\t<div class=\"elementor-cta__button-wrapper elementor-cta__content-item elementor-content-item\">\n\t\t\t\t\t<a class=\"elementor-cta__button elementor-button elementor-size-\" href=\"https:\/\/hannover-living.de\/pt\/quarto-privado\/\">\n\t\t\t\t\t\tTornar-se uma m\u00e3e de feira 4.0\t\t\t\t\t<\/a>\n\t\t\t\t\t<\/div>\n\t\t\t\t\t\t\t<\/div>\n\t\t\t\t\t\t<\/div>\n\t\t\t\t\t\t<\/div>\n\t\t\t\t<\/div>\n\t\t\t\t\t<\/div>\n\t\t<\/div>\n\t\t\t\t\t<\/div>\n\t\t<\/section>\n\t\t\t\t<\/div>","protected":false},"excerpt":{"rendered":"<p>Descubra o conforto e o aconchego: apartamentos de f\u00e9rias e quartos privados durante as feiras ou outras estadias em Han\u00f4ver.<\/p>","protected":false},"author":7,"featured_media":23216,"comment_status":"closed","ping_status":"closed","sticky":false,"template":"","format":"standard","meta":{"footnotes":""},"categories":[2],"tags":[118,120,121,119],"class_list":["post-23215","post","type-post","status-publish","format-standard","has-post-thumbnail","hentry","category-uebernachtungsangebote","tag-uebernachtung","tag-ferienwohnung","tag-privatzimmer","tag-zimmervermittlung"],"_links":{"self":[{"href":"https:\/\/hannover-living.de\/pt\/wp-json\/wp\/v2\/posts\/23215","targetHints":{"allow":["GET"]}}],"collection":[{"href":"https:\/\/hannover-living.de\/pt\/wp-json\/wp\/v2\/posts"}],"about":[{"href":"https:\/\/hannover-living.de\/pt\/wp-json\/wp\/v2\/types\/post"}],"author":[{"embeddable":true,"href":"https:\/\/hannover-living.de\/pt\/wp-json\/wp\/v2\/users\/7"}],"replies":[{"embeddable":true,"href":"https:\/\/hannover-living.de\/pt\/wp-json\/wp\/v2\/comments?post=23215"}],"version-history":[{"count":1,"href":"https:\/\/hannover-living.de\/pt\/wp-json\/wp\/v2\/posts\/23215\/revisions"}],"predecessor-version":[{"id":36180,"href":"https:\/\/hannover-living.de\/pt\/wp-json\/wp\/v2\/posts\/23215\/revisions\/36180"}],"wp:featuredmedia":[{"embeddable":true,"href":"https:\/\/hannover-living.de\/pt\/wp-json\/wp\/v2\/media\/23216"}],"wp:attachment":[{"href":"https:\/\/hannover-living.de\/pt\/wp-json\/wp\/v2\/media?parent=23215"}],"wp:term":[{"taxonomy":"category","embeddable":true,"href":"https:\/\/hannover-living.de\/pt\/wp-json\/wp\/v2\/categories?post=23215"},{"taxonomy":"post_tag","embeddable":true,"href":"https:\/\/hannover-living.de\/pt\/wp-json\/wp\/v2\/tags?post=23215"}],"curies":[{"name":"wp","href":"https:\/\/api.w.org\/{rel}","templated":true}]}}