{"id":41073,"date":"2025-07-30T18:53:56","date_gmt":"2025-07-30T16:53:56","guid":{"rendered":"https:\/\/hannover-living.de\/?p=41073"},"modified":"2025-09-01T16:26:02","modified_gmt":"2025-09-01T14:26:02","slug":"a-festa-do-lago-maschsee-2025-esta-aberta","status":"publish","type":"post","link":"https:\/\/hannover-living.de\/pt\/das-maschseefest-2025-ist-eroeffnet\/","title":{"rendered":"O Maschseefest 2025 est\u00e1 aberto"},"content":{"rendered":"<div data-elementor-type=\"wp-post\" data-elementor-id=\"41073\" class=\"elementor elementor-41073\" data-elementor-post-type=\"post\">\n\t\t\t\t<div class=\"elementor-element elementor-element-9bbef20 e-flex e-con-boxed e-con e-parent\" data-id=\"9bbef20\" data-element_type=\"container\" data-e-type=\"container\">\n\t\t\t\t\t<div class=\"e-con-inner\">\n\t\t\t\t<div class=\"elementor-element elementor-element-66f4729 elementor-widget elementor-widget-text-editor\" data-id=\"66f4729\" data-element_type=\"widget\" data-e-type=\"widget\" data-widget_type=\"text-editor.default\">\n\t\t\t\t<div class=\"elementor-widget-container\">\n\t\t\t\t\t\t\t\t\t<p>Esta quarta-feira, teve lugar a abertura oficial do 38\u00ba Festival do Maschsee em Han\u00f4ver. De 30 de julho a 17 de agosto, as margens do Maschsee transformar-se-\u00e3o numa vibrante milha festiva durante 19 dias. O maior festival lacustre da Alemanha ir\u00e1 deliciar os visitantes com del\u00edcias culin\u00e1rias de todo o mundo, mais de 200 espect\u00e1culos ao vivo em v\u00e1rios palcos e um programa variado para crian\u00e7as e fam\u00edlias.<\/p><p>Os cl\u00e1ssicos, como a popular corrida de patos ou a atmosf\u00e9rica nata\u00e7\u00e3o \u00e0 luz das tochas, voltam a fazer parte do programa, tal como as novidades emocionantes. Um dos destaques deste ano \u00e9 a Torre Maschsee, com 75 metros de altura, que proporcionar\u00e1, pela primeira vez, uma vista deslumbrante sobre o \u00e1trio da Heinz von Heiden Arena.<\/p><p><strong>In\u00edcio de festa com uma mistura de sol e nuvens<\/strong><\/p><p>O Festival de Maschsee foi simbolicamente inaugurado \u00e0s 18h00, num ambiente fant\u00e1stico e com uma temperatura fresca de ver\u00e3o de 20 graus. Rodeados por coloridos andantes, acrobatas e m\u00fasicos ao vivo, a Presidente da C\u00e2mara Municipal de Han\u00f4ver, Belit Onay, e Andr\u00e9 Lawiszus, Diretor-Geral da Hannover Veranstaltungs GmbH (HVG), cortaram cerimoniosamente a fita azul de abertura - acompanhados por numerosos convidados.<\/p><p>\"O Lago Maschsee est\u00e1 no cora\u00e7\u00e3o da cidade e os habitantes de Han\u00f4ver tomaram-no a peito - e isso tamb\u00e9m se aplica \u00e0 Festa do Maschsee. H\u00e1 muito que faz parte do ADN cultural de Han\u00f4ver, tal como a Sch\u00fctzenfest. A maior festa do lago da Alemanha atrai pessoas de perto e de longe com a sua atmosfera \u00fanica. Esperamos um festival grande, diversificado, pac\u00edfico e colorido. Han\u00f4ver est\u00e1 pronta\", afirma Onay.<\/p><p>Andr\u00e9 Lawiszus, que \u00e9 respons\u00e1vel pelas opera\u00e7\u00f5es do Maschseefest desde 2011 e que, este ano, assume pela primeira vez a responsabilidade como Diretor-Geral da HVG, tamb\u00e9m est\u00e1 muito satisfeito com o sucesso do arranque:<\/p><p>\"H\u00e1 muito para descobrir nas quatro margens - desde novos restaurantes a locais muito especiais para desfrutar, como a rec\u00e9m-concebida margem oeste com a Aperitivo Bay.\"<\/p><p>O Maschseefest \u00e9, desde h\u00e1 muito, mais do que um festival regional ao ar livre - como festival gastron\u00f3mico, transformou-se num verdadeiro evento cultural com atra\u00e7\u00e3o internacional. Com o seu toque mar\u00edtimo no cora\u00e7\u00e3o da cidade, parece que prolonga as f\u00e9rias de ver\u00e3o na Baixa Sax\u00f3nia por duas semanas e meia.<\/p><p>Este ano, espera-se que cerca de dois milh\u00f5es de visitantes voltem a assistir ao maior festival de ver\u00e3o de Han\u00f4ver.<\/p>\t\t\t\t\t\t\t\t<\/div>\n\t\t\t\t<\/div>\n\t\t\t\t\t<\/div>\n\t\t\t\t<\/div>\n\t\t<div class=\"elementor-element elementor-element-2995dd0 e-flex e-con-boxed e-con e-parent\" data-id=\"2995dd0\" data-element_type=\"container\" data-e-type=\"container\">\n\t\t\t\t\t<div class=\"e-con-inner\">\n\t\t\t\t<div class=\"elementor-element elementor-element-51e5098 elementor-align-justify elementor-widget elementor-widget-button\" data-id=\"51e5098\" data-element_type=\"widget\" data-e-type=\"widget\" data-widget_type=\"button.default\">\n\t\t\t\t<div class=\"elementor-widget-container\">\n\t\t\t\t\t\t\t\t\t<div class=\"elementor-button-wrapper\">\n\t\t\t\t\t<a class=\"elementor-button elementor-button-link elementor-size-sm\" href=\"http:\/\/www.maschseefest.de\" target=\"_blank\" rel=\"noopener\">\n\t\t\t\t\t\t<span class=\"elementor-button-content-wrapper\">\n\t\t\t\t\t\t\t\t\t<span class=\"elementor-button-text\">S\u00edtio Web oficial<\/span>\n\t\t\t\t\t<\/span>\n\t\t\t\t\t<\/a>\n\t\t\t\t<\/div>\n\t\t\t\t\t\t\t\t<\/div>\n\t\t\t\t<\/div>\n\t\t\t\t\t<\/div>\n\t\t\t\t<\/div>\n\t\t\t\t<\/div>","protected":false},"excerpt":{"rendered":"<p>An diesem Mittwoch wurde in Hannover das 38. Maschseefest offiziell er\u00f6ffnet. Vom 30. Juli bis zum 17. August verwandelt sich das Ufer des Maschsees f\u00fcr 19 Tage in eine pulsierende Festmeile. Deutschlands gr\u00f6\u00dftes Seefest begeistert mit kulinarischer Vielfalt aus aller Welt, mehr als 200 Live-Acts auf mehreren B\u00fchnen sowie einem abwechslungsreichen Programm f\u00fcr Kinder und [&hellip;]<\/p>\n","protected":false},"author":7,"featured_media":41074,"comment_status":"open","ping_status":"open","sticky":false,"template":"","format":"standard","meta":{"footnotes":""},"categories":[1],"tags":[98],"class_list":["post-41073","post","type-post","status-publish","format-standard","has-post-thumbnail","hentry","category-uncategorized","tag-event"],"_links":{"self":[{"href":"https:\/\/hannover-living.de\/pt\/wp-json\/wp\/v2\/posts\/41073","targetHints":{"allow":["GET"]}}],"collection":[{"href":"https:\/\/hannover-living.de\/pt\/wp-json\/wp\/v2\/posts"}],"about":[{"href":"https:\/\/hannover-living.de\/pt\/wp-json\/wp\/v2\/types\/post"}],"author":[{"embeddable":true,"href":"https:\/\/hannover-living.de\/pt\/wp-json\/wp\/v2\/users\/7"}],"replies":[{"embeddable":true,"href":"https:\/\/hannover-living.de\/pt\/wp-json\/wp\/v2\/comments?post=41073"}],"version-history":[{"count":5,"href":"https:\/\/hannover-living.de\/pt\/wp-json\/wp\/v2\/posts\/41073\/revisions"}],"predecessor-version":[{"id":41494,"href":"https:\/\/hannover-living.de\/pt\/wp-json\/wp\/v2\/posts\/41073\/revisions\/41494"}],"wp:featuredmedia":[{"embeddable":true,"href":"https:\/\/hannover-living.de\/pt\/wp-json\/wp\/v2\/media\/41074"}],"wp:attachment":[{"href":"https:\/\/hannover-living.de\/pt\/wp-json\/wp\/v2\/media?parent=41073"}],"wp:term":[{"taxonomy":"category","embeddable":true,"href":"https:\/\/hannover-living.de\/pt\/wp-json\/wp\/v2\/categories?post=41073"},{"taxonomy":"post_tag","embeddable":true,"href":"https:\/\/hannover-living.de\/pt\/wp-json\/wp\/v2\/tags?post=41073"}],"curies":[{"name":"wp","href":"https:\/\/api.w.org\/{rel}","templated":true}]}}