{"id":23215,"date":"2024-02-29T15:02:02","date_gmt":"2024-02-29T14:02:02","guid":{"rendered":"https:\/\/hannover-living.de\/?p=23215"},"modified":"2025-05-02T13:19:39","modified_gmt":"2025-05-02T11:19:39","slug":"semesterbostaeder-och-privata-rum","status":"publish","type":"post","link":"https:\/\/hannover-living.de\/sv\/semesterbostaeder-och-privata-rum\/","title":{"rendered":"Semesterl\u00e4genheter och privata rum"},"content":{"rendered":"<div data-elementor-type=\"wp-post\" data-elementor-id=\"23215\" class=\"elementor elementor-23215\" data-elementor-post-type=\"post\">\n\t\t\t\t\t\t<section class=\"elementor-section elementor-top-section elementor-element elementor-element-126373a elementor-section-boxed elementor-section-height-default elementor-section-height-default\" data-id=\"126373a\" data-element_type=\"section\" data-e-type=\"section\">\n\t\t\t\t\t\t<div class=\"elementor-container elementor-column-gap-default\">\n\t\t\t\t\t<div class=\"elementor-column elementor-col-100 elementor-top-column elementor-element elementor-element-6085b63\" data-id=\"6085b63\" data-element_type=\"column\" data-e-type=\"column\">\n\t\t\t<div class=\"elementor-widget-wrap elementor-element-populated\">\n\t\t\t\t\t\t<div class=\"elementor-element elementor-element-1948428 elementor-widget elementor-widget-text-editor\" data-id=\"1948428\" data-element_type=\"widget\" data-e-type=\"widget\" data-widget_type=\"text-editor.default\">\n\t\t\t\t<div class=\"elementor-widget-container\">\n\t\t\t\t\t\t\t\t\t<h3>Uppt\u00e4ck komfort och mysighet: semesterl\u00e4genheter och privata rum i Hannover under m\u00e4ssor<\/h3><p style=\"border: 0px solid #e3e3e3; --tw-border-spacing-x: 0; --tw-border-spacing-y: 0; --tw-translate-x: 0; --tw-translate-y: 0; --tw-rotate: 0; --tw-skew-x: 0; --tw-skew-y: 0; --tw-scale-x: 1; --tw-scale-y: 1; --tw-scroll-snap-strictness: proximity; --tw-ring-offset-width: 0px; --tw-ring-offset-color: #fff; --tw-ring-color: rgba(69,89,164,.5); --tw-ring-offset-shadow: 0 0 transparent; --tw-ring-shadow: 0 0 transparent; --tw-shadow: 0 0 transparent; --tw-shadow-colored: 0 0 transparent; margin: 1.25em 0px; color: #0d0d0d; font-family: S\u00f6hne, ui-sans-serif, system-ui, -apple-system, 'Segoe UI', Roboto, Ubuntu, Cantarell, 'Noto Sans', sans-serif, 'Helvetica Neue', Arial, 'Apple Color Emoji', 'Segoe UI Emoji', 'Segoe UI Symbol', 'Noto Color Emoji'; white-space-collapse: preserve;\">Hannover, en stad full av liv och kulturell m\u00e5ngfald, \u00e4r inte bara k\u00e4nd f\u00f6r sina imponerande m\u00e4ssor, utan ocks\u00e5 f\u00f6r sin g\u00e4stfrihet. Om du planerar att delta i en m\u00e4ssa vill vi g\u00e4rna hj\u00e4lpa dig att hitta det perfekta boendet som passar dina behov.<\/p><h5>Den perfekta l\u00f6sningen f\u00f6r boende<\/h5><p>V\u00e5rt urval av semesterl\u00e4genheter och privata rum erbjuder dig ett hem l\u00e5ngt hemifr\u00e5n under din tid p\u00e5 m\u00e4ssan i Hannover. Njut av bekv\u00e4mligheten och friheten med att ha dina egna fyra v\u00e4ggar och fly fr\u00e5n m\u00e4ssans liv och r\u00f6relse n\u00e4r du drar dig tillbaka till ditt mysiga boende.<\/p><h5>Komfort och bekv\u00e4mligheter<\/h5><p>V\u00e5ra semesterl\u00e4genheter och privata rum \u00e4r noggrant inredda f\u00f6r att g\u00f6ra din vistelse s\u00e5 bekv\u00e4m som m\u00f6jligt. Fr\u00e5n rymliga vardagsrum till fullt utrustade k\u00f6k, de erbjuder allt du beh\u00f6ver f\u00f6r att k\u00e4nna dig som hemma. Och efter en l\u00e5ng dag p\u00e5 m\u00e4ssan kan du koppla av och ladda batterierna i din egen tillflyktsort.<\/p><h5>Perfekt l\u00e4ge f\u00f6r m\u00e4ssbes\u00f6kare<\/h5><p>L\u00e4get f\u00f6r v\u00e5ra boenden \u00e4r en annan pluspunkt. De ligger n\u00e4ra utst\u00e4llningscentret och erbjuder dig den perfekta basen f\u00f6r dina m\u00e4ssbes\u00f6k. Du kan enkelt ta dig till m\u00f6tesplatserna till fots eller med kollektivtrafik och spara v\u00e4rdefull tid och anstr\u00e4ngning.<\/p><h5>Flexibilitet och individualitet<\/h5><p>Det som g\u00f6r v\u00e5ra semesterl\u00e4genheter och privata rum speciella \u00e4r deras flexibilitet och individualitet. Oavsett om du reser ensam, med kollegor eller i grupp - vi har boende som passar dina behov. Du kan v\u00e4lja mellan en m\u00e4ngd olika alternativ och v\u00e4lja det som b\u00e4st passar dina krav.<\/p>\t\t\t\t\t\t\t\t<\/div>\n\t\t\t\t<\/div>\n\t\t\t\t\t<\/div>\n\t\t<\/div>\n\t\t\t\t\t<\/div>\n\t\t<\/section>\n\t\t\t\t<section class=\"elementor-section elementor-top-section elementor-element elementor-element-6d90dff elementor-section-boxed elementor-section-height-default elementor-section-height-default\" data-id=\"6d90dff\" data-element_type=\"section\" data-e-type=\"section\">\n\t\t\t\t\t\t<div class=\"elementor-container elementor-column-gap-default\">\n\t\t\t\t\t<div class=\"elementor-column elementor-col-100 elementor-top-column elementor-element elementor-element-e07ab90\" data-id=\"e07ab90\" data-element_type=\"column\" data-e-type=\"column\">\n\t\t\t<div class=\"elementor-widget-wrap elementor-element-populated\">\n\t\t\t\t\t\t<div class=\"elementor-element elementor-element-692e94f elementor-cta--skin-classic elementor-animated-content elementor-bg-transform elementor-bg-transform-zoom-in elementor-widget elementor-widget-call-to-action\" data-id=\"692e94f\" data-element_type=\"widget\" data-e-type=\"widget\" data-widget_type=\"call-to-action.default\">\n\t\t\t\t<div class=\"elementor-widget-container\">\n\t\t\t\t\t\t\t<div class=\"elementor-cta\">\n\t\t\t\t\t\t\t<div class=\"elementor-cta__content\">\n\t\t\t\t\n\t\t\t\t\t\t\t\t\t<h2 class=\"elementor-cta__title elementor-cta__content-item elementor-content-item\">\n\t\t\t\t\t\tSemesterl\u00e4genheter &amp; privata rum\t\t\t\t\t<\/h2>\n\t\t\t\t\n\t\t\t\t\t\t\t\t\t<div class=\"elementor-cta__description elementor-cta__content-item elementor-content-item\">\n\t\t\t\t\t\tUppt\u00e4ck mysiga semesterl\u00e4genheter och privata rum i Hannover f\u00f6r din n\u00e4sta vistelse. Boka nu och upplev staden som en lokalbo.\t\t\t\t\t<\/div>\n\t\t\t\t\n\t\t\t\t\t\t\t\t\t<div class=\"elementor-cta__button-wrapper elementor-cta__content-item elementor-content-item\">\n\t\t\t\t\t<a class=\"elementor-cta__button elementor-button elementor-size-\" href=\"https:\/\/tportal.tomas.travel\/hannover-privatvermietung\/ukv\/?lang=de\" target=\"_blank\" rel=\"noopener\">\n\t\t\t\t\t\tS\u00f6k &amp; f\u00f6rfr\u00e5gningar\t\t\t\t\t<\/a>\n\t\t\t\t\t<\/div>\n\t\t\t\t\t\t\t<\/div>\n\t\t\t\t\t\t<\/div>\n\t\t\t\t\t\t<\/div>\n\t\t\t\t<\/div>\n\t\t\t\t\t<\/div>\n\t\t<\/div>\n\t\t\t\t\t<\/div>\n\t\t<\/section>\n\t\t\t\t<section class=\"elementor-section elementor-top-section elementor-element elementor-element-80a841b elementor-section-boxed elementor-section-height-default elementor-section-height-default\" data-id=\"80a841b\" data-element_type=\"section\" data-e-type=\"section\">\n\t\t\t\t\t\t<div class=\"elementor-container elementor-column-gap-default\">\n\t\t\t\t\t<div class=\"elementor-column elementor-col-100 elementor-top-column elementor-element elementor-element-f40f603\" data-id=\"f40f603\" data-element_type=\"column\" data-e-type=\"column\">\n\t\t\t<div class=\"elementor-widget-wrap elementor-element-populated\">\n\t\t\t\t\t\t<div class=\"elementor-element elementor-element-ace14e0 elementor-widget elementor-widget-text-editor\" data-id=\"ace14e0\" data-element_type=\"widget\" data-e-type=\"widget\" data-widget_type=\"text-editor.default\">\n\t\t\t\t<div class=\"elementor-widget-container\">\n\t\t\t\t\t\t\t\t\t<h3>Boka ditt dr\u00f6mboende nu<\/h3><p>Ta tillf\u00e4llet i akt att g\u00f6ra din vistelse p\u00e5 m\u00e4ssan i Hannover till en of\u00f6rgl\u00f6mlig upplevelse. Boka en av v\u00e5ra semesterl\u00e4genheter eller privata rum idag och se fram emot komfort, mysighet och ett perfekt l\u00e4ge under din tid p\u00e5 m\u00e4ssan.<\/p><p>V\u00e5rt team av erfarna medarbetare hj\u00e4lper dig g\u00e4rna att hitta det perfekta hotellet. Anv\u00e4nd v\u00e5rt enkla f\u00f6rfr\u00e5gningsformul\u00e4r f\u00f6r att ber\u00e4tta om dina \u00f6nskem\u00e5l och krav. Vi f\u00f6rhandlar om priser, kontrollerar tillg\u00e4nglighet och tar hand om alla detaljer i din bokning. S\u00e5 att du kan koppla av och f\u00f6rbereda dig f\u00f6r din resa.<\/p><h5>H\u00f6r av dig till oss!<\/h5><p>Planera ditt n\u00e4sta bes\u00f6k i Hannover med Hannover Accommodation Service och dra nytta av en s\u00f6ml\u00f6s bokningsprocess, f\u00f6rstklassig kundservice och en of\u00f6rgl\u00f6mlig upplevelse i denna livliga stad. Skicka oss din f\u00f6rfr\u00e5gan och l\u00e5t oss hj\u00e4lpa dig att g\u00f6ra din vistelse i Hannover till en speciell upplevelse.<\/p><p style=\"text-align: right;\"><strong><a href=\"https:\/\/www.visit-hannover.com\/Media\/visit-hannover\/GIS\/Organisationen\/Zimmervermittlung-Hannover\" target=\"_blank\" rel=\"noopener\">Boende team\u00a0<\/a><br \/><\/strong>Telefon +49 (0) 511 \/ 12345-555\u00a0<br \/>hotels@hannover-tourismus.de<\/p>\t\t\t\t\t\t\t\t<\/div>\n\t\t\t\t<\/div>\n\t\t\t\t\t<\/div>\n\t\t<\/div>\n\t\t\t\t\t<\/div>\n\t\t<\/section>\n\t\t\t\t<section class=\"elementor-section elementor-top-section elementor-element elementor-element-a9d1abb elementor-section-boxed elementor-section-height-default elementor-section-height-default\" data-id=\"a9d1abb\" data-element_type=\"section\" data-e-type=\"section\">\n\t\t\t\t\t\t<div class=\"elementor-container elementor-column-gap-default\">\n\t\t\t\t\t<div class=\"elementor-column elementor-col-100 elementor-top-column elementor-element elementor-element-d204ef0\" data-id=\"d204ef0\" data-element_type=\"column\" data-e-type=\"column\">\n\t\t\t<div class=\"elementor-widget-wrap elementor-element-populated\">\n\t\t\t\t\t\t<div class=\"elementor-element elementor-element-eba1c23 elementor-cta--skin-classic elementor-animated-content elementor-bg-transform elementor-bg-transform-zoom-in elementor-widget elementor-widget-call-to-action\" data-id=\"eba1c23\" data-element_type=\"widget\" data-e-type=\"widget\" data-widget_type=\"call-to-action.default\">\n\t\t\t\t<div class=\"elementor-widget-container\">\n\t\t\t\t\t\t\t<div class=\"elementor-cta\">\n\t\t\t\t\t\t\t<div class=\"elementor-cta__content\">\n\t\t\t\t\n\t\t\t\t\t\t\t\t\t<h2 class=\"elementor-cta__title elementor-cta__content-item elementor-content-item\">\n\t\t\t\t\t\tBli Hannovers v\u00e4rd: m\u00e4ssan mum 4.0\t\t\t\t\t<\/h2>\n\t\t\t\t\n\t\t\t\t\t\t\t\t\t<div class=\"elementor-cta__description elementor-cta__content-item elementor-content-item\">\n\t\t\t\t\t\tHar du oanv\u00e4nt boendeutrymme och tycker om att v\u00e4lkomna g\u00e4ster fr\u00e5n hela v\u00e4rlden? Bli d\u00e5 en del av \"Messemutti 4.0\"-gemenskapen och ta Hannovers g\u00e4stfrihet till en ny niv\u00e5.\t\t\t\t\t<\/div>\n\t\t\t\t\n\t\t\t\t\t\t\t\t\t<div class=\"elementor-cta__button-wrapper elementor-cta__content-item elementor-content-item\">\n\t\t\t\t\t<a class=\"elementor-cta__button elementor-button elementor-size-\" href=\"https:\/\/hannover-living.de\/sv\/privat-rum-2\/\">\n\t\t\t\t\t\tAtt bli en m\u00e4ssmamma 4.0\t\t\t\t\t<\/a>\n\t\t\t\t\t<\/div>\n\t\t\t\t\t\t\t<\/div>\n\t\t\t\t\t\t<\/div>\n\t\t\t\t\t\t<\/div>\n\t\t\t\t<\/div>\n\t\t\t\t\t<\/div>\n\t\t<\/div>\n\t\t\t\t\t<\/div>\n\t\t<\/section>\n\t\t\t\t<\/div>","protected":false},"excerpt":{"rendered":"<p>Uppt\u00e4ck komfort och mysighet: semesterl\u00e4genheter och privata rum under m\u00e4ssor eller andra vistelser i Hannover.<\/p>","protected":false},"author":7,"featured_media":23216,"comment_status":"closed","ping_status":"closed","sticky":false,"template":"","format":"standard","meta":{"footnotes":""},"categories":[2],"tags":[118,120,121,119],"class_list":["post-23215","post","type-post","status-publish","format-standard","has-post-thumbnail","hentry","category-uebernachtungsangebote","tag-uebernachtung","tag-ferienwohnung","tag-privatzimmer","tag-zimmervermittlung"],"_links":{"self":[{"href":"https:\/\/hannover-living.de\/sv\/wp-json\/wp\/v2\/posts\/23215","targetHints":{"allow":["GET"]}}],"collection":[{"href":"https:\/\/hannover-living.de\/sv\/wp-json\/wp\/v2\/posts"}],"about":[{"href":"https:\/\/hannover-living.de\/sv\/wp-json\/wp\/v2\/types\/post"}],"author":[{"embeddable":true,"href":"https:\/\/hannover-living.de\/sv\/wp-json\/wp\/v2\/users\/7"}],"replies":[{"embeddable":true,"href":"https:\/\/hannover-living.de\/sv\/wp-json\/wp\/v2\/comments?post=23215"}],"version-history":[{"count":1,"href":"https:\/\/hannover-living.de\/sv\/wp-json\/wp\/v2\/posts\/23215\/revisions"}],"predecessor-version":[{"id":36180,"href":"https:\/\/hannover-living.de\/sv\/wp-json\/wp\/v2\/posts\/23215\/revisions\/36180"}],"wp:featuredmedia":[{"embeddable":true,"href":"https:\/\/hannover-living.de\/sv\/wp-json\/wp\/v2\/media\/23216"}],"wp:attachment":[{"href":"https:\/\/hannover-living.de\/sv\/wp-json\/wp\/v2\/media?parent=23215"}],"wp:term":[{"taxonomy":"category","embeddable":true,"href":"https:\/\/hannover-living.de\/sv\/wp-json\/wp\/v2\/categories?post=23215"},{"taxonomy":"post_tag","embeddable":true,"href":"https:\/\/hannover-living.de\/sv\/wp-json\/wp\/v2\/tags?post=23215"}],"curies":[{"name":"wp","href":"https:\/\/api.w.org\/{rel}","templated":true}]}}