{"id":33709,"date":"2025-04-07T14:28:40","date_gmt":"2025-04-07T12:28:40","guid":{"rendered":"https:\/\/hannover-living.de\/?p=33709"},"modified":"2025-05-12T16:22:36","modified_gmt":"2025-05-12T14:22:36","slug":"liten-fest-i-den-stora-traedgarden-2025","status":"publish","type":"post","link":"https:\/\/hannover-living.de\/sv\/kleines-fest-im-grossen-garten-2025\/","title":{"rendered":"Liten festival i Stora Tr\u00e4dg\u00e5rden 2025"},"content":{"rendered":"<div data-elementor-type=\"wp-post\" data-elementor-id=\"33709\" class=\"elementor elementor-33709\" data-elementor-post-type=\"post\">\n\t\t\t\t<div class=\"elementor-element elementor-element-ad1dbe3 e-flex e-con-boxed e-con e-parent\" data-id=\"ad1dbe3\" data-element_type=\"container\" data-e-type=\"container\">\n\t\t\t\t\t<div class=\"e-con-inner\">\n\t\t\t\t<div class=\"elementor-element elementor-element-c9674bf elementor-widget elementor-widget-text-editor\" data-id=\"c9674bf\" data-element_type=\"widget\" data-e-type=\"widget\" data-widget_type=\"text-editor.default\">\n\t\t\t\t<div class=\"elementor-widget-container\">\n\t\t\t\t\t\t\t\t\t<h1 class=\"\" data-start=\"827\" data-end=\"894\"><strong data-start=\"829\" data-end=\"894\">Kleines Fest Hannover: Magiska sommarn\u00e4tter i den stora tr\u00e4dg\u00e5rden<\/strong><\/h1><p class=\"\" data-start=\"896\" data-end=\"1320\">Den <strong data-start=\"900\" data-end=\"925\">Liten festival i Hannover<\/strong> har varit en av stadens kulturella h\u00f6jdpunkter i \u00e5ratal och f\u00f6rtrollar bes\u00f6karna p\u00e5 nytt varje \u00e5r. \u00c5r 2025 kommer den stora tr\u00e4dg\u00e5rden i Herrenhausen \u00e5terigen att f\u00f6rvandlas till en fantasiscen, d\u00e4r konst, humor och kulinariska l\u00e4ckerheter sm\u00e4lter samman till en extraordin\u00e4r upplevelse. En sommarkv\u00e4ll som tilltalar alla sinnen v\u00e4ntar p\u00e5 dig under mottot \"Det \u00e4r serverat!\".<\/p><h2 class=\"\" data-start=\"1322\" data-end=\"1374\"><strong data-start=\"1325\" data-end=\"1374\">Kleines Fest Hannover: En festival f\u00f6r sinnena<\/strong><\/h2><p class=\"\" data-start=\"1376\" data-end=\"1885\">Fr\u00e5n det \u00f6gonblick du kliver in i den barocka Stora Tr\u00e4dg\u00e5rden f\u00f6rs\u00e4tts du i en fascinerande v\u00e4rld d\u00e4r det finns n\u00e5got att uppt\u00e4cka i varje vr\u00e5. Internationella och nationella artister presenterar ett varierat program p\u00e5 olika scener, inklusive artisteri, komedi, teater och poetiska f\u00f6rest\u00e4llningar. S\u00e4rskilt sp\u00e4nnande: \u00e5rets motto kommer att tolkas p\u00e5 ett kreativt s\u00e4tt - oavsett om det \u00e4r genom kulinariska scenografier, f\u00f6rest\u00e4llningar som kretsar kring matlagning eller symboliska representationer av njutning.<\/p><p class=\"\" data-start=\"1887\" data-end=\"2172\">Den unika atmosf\u00e4ren p\u00e5 denna festival skapas av kombinationen av tr\u00e4dg\u00e5rdskonst, kulturell m\u00e5ngfald och k\u00e4rleksfullt arrangerade evenemang. Bes\u00f6karna promenerar fr\u00e5n scen till scen, avnjuter kulinariska l\u00e4ckerheter och njuter av de ljumma sommarkv\u00e4llarna i konstn\u00e4rlig belysning.<\/p><h2 class=\"\" data-start=\"2174\" data-end=\"2223\"><strong data-start=\"2177\" data-end=\"2223\">Helt bekymmersfritt med eventpaketet<\/strong><\/h2><p class=\"\" data-start=\"2225\" data-end=\"2397\">F\u00f6r alla dem som <strong data-start=\"2243\" data-end=\"2268\">Liten festival i Hannover<\/strong> inte bara som ett kv\u00e4llsevenemang, utan som en kort semester, finns det ett praktiskt all-inclusive-paket. Inkluderat \u00e4r:<\/p><ul data-start=\"2399\" data-end=\"2710\"><li class=\"\" data-start=\"2399\" data-end=\"2511\"><p class=\"\" data-start=\"2401\" data-end=\"2511\"><strong data-start=\"2401\" data-end=\"2422\">En \u00f6vernattning<\/strong> med frukost p\u00e5 ett bekv\u00e4mt 3- eller 4-stj\u00e4rnigt hotell (enkel- eller dubbelrum)<\/p><\/li><li class=\"\" data-start=\"2512\" data-end=\"2565\"><p class=\"\" data-start=\"2514\" data-end=\"2565\"><strong data-start=\"2514\" data-end=\"2533\">Intr\u00e4desbiljetter<\/strong> f\u00f6r Kleines Fest Hannover<\/p><\/li><li class=\"\" data-start=\"2566\" data-end=\"2630\"><p class=\"\" data-start=\"2568\" data-end=\"2630\"><strong data-start=\"2568\" data-end=\"2594\">En programbroschyr<\/strong> per rum som guide<\/p><\/li><li class=\"\" data-start=\"2631\" data-end=\"2710\"><p class=\"\" data-start=\"2633\" data-end=\"2710\"><strong data-start=\"2633\" data-end=\"2680\">Dagskort f\u00f6r lokal kollektivtrafik<\/strong> (Zon A, Hannovers stadsk\u00e4rna)<\/p><\/li><\/ul><p class=\"\" data-start=\"2712\" data-end=\"2984\">Det h\u00e4r paketet \u00e4r perfekt f\u00f6r par, v\u00e4nner eller kulturentusiaster som vill unna sig en avkopplande weekend med kulturella h\u00f6jdpunkter. Oavsett om det \u00e4r som par, i grupp eller som present - det h\u00e4r paketet kommer garanterat att skapa best\u00e5ende minnen.<\/p><h2 class=\"\" data-start=\"2986\" data-end=\"3031\"><strong data-start=\"2989\" data-end=\"3031\">K\u00f6k m\u00f6ter konst: 2025 \u00e5rs motto<\/strong><\/h2><p class=\"\" data-start=\"3033\" data-end=\"3465\">Under temat \"Det \u00e4r klart!\" arrangerades <strong data-start=\"3081\" data-end=\"3106\">Liten festival i Hannover<\/strong> kulinariska l\u00e4ckerheter st\u00e5r i centrum. Konstn\u00e4rliga framtr\u00e4danden med \u00e4tbara inslag, tillagning som en del av f\u00f6rest\u00e4llningen eller symboliska iscens\u00e4ttningar med maten i centrum kommer att f\u00f6rv\u00e5na och roa publiken. Festivalen lyckas kombinera konst och mat p\u00e5 ett fascinerande s\u00e4tt och \u00f6ppnar upp f\u00f6r helt nya perspektiv.<\/p><p class=\"\" data-start=\"3467\" data-end=\"3756\">Bes\u00f6karna kan se fram emot kulinariska h\u00f6jdpunkter i de m\u00e5nga st\u00e5nden i tr\u00e4dg\u00e5rden: fr\u00e5n regionala specialiteter till internationella delikatesser, allt som hj\u00e4rtat \u00f6nskar finns representerat. En kv\u00e4ll som p\u00e5 ett harmoniskt s\u00e4tt kombinerar kulinariska l\u00e4ckerheter och konstn\u00e4rliga upplevelser.<\/p><h2 class=\"\" data-start=\"3758\" data-end=\"3815\"><strong data-start=\"3761\" data-end=\"3815\">S\u00e4rskild atmosf\u00e4r i Herrenhausens tr\u00e4dg\u00e5rdar<\/strong><\/h2><p class=\"\" data-start=\"3817\" data-end=\"4168\">Den barocka Great Garden utg\u00f6r den perfekta bakgrunden f\u00f6r festivalen. Med sina utsmyckade blomsterrabatter, majest\u00e4tiska all\u00e9er och romantiska vattenspel utg\u00f6r den den perfekta milj\u00f6n f\u00f6r en sommarkv\u00e4ll i kulturens tecken. Den k\u00e4rleksfullt upplysta tr\u00e4dg\u00e5rden skapar en sagolik atmosf\u00e4r som gl\u00e4der tusentals bes\u00f6kare varje \u00e5r.<\/p><p class=\"\" data-start=\"4170\" data-end=\"4415\">Om du vill veta mer om Herrenhausens tr\u00e4dg\u00e5rdar kan du bes\u00f6ka <strong data-start=\"4236\" data-end=\"4314\"><a class=\"cursor-pointer\" target=\"_new\" rel=\"noopener\" data-start=\"4238\" data-end=\"4312\">hannover-living.de<\/a><\/strong> en sp\u00e4nnande undersida med information om historia, arkitektur och andra evenemang.<\/p><h2 class=\"\" data-start=\"4417\" data-end=\"4447\"><strong data-start=\"4420\" data-end=\"4447\">Biljetter &amp; information<\/strong><\/h2><p class=\"\" data-start=\"4449\" data-end=\"4838\">Efterfr\u00e5gan p\u00e5 biljetter till <strong data-start=\"4484\" data-end=\"4509\">Liten festival i Hannover<\/strong> \u00e4r traditionellt mycket h\u00f6gt. Tidig planering och bokning rekommenderas d\u00e4rf\u00f6r. Via webbplatsen f\u00f6r <strong data-start=\"4623\" data-end=\"4764\"><a class=\"cursor-pointer\" target=\"_new\" rel=\"noopener\" data-start=\"4625\" data-end=\"4762\">Bes\u00f6k Hanover<\/a><\/strong> kan du ta reda p\u00e5 mer om biljetter, program och viktig information.<\/p><p class=\"\" data-start=\"4840\" data-end=\"4947\">Viktigt tips: Anv\u00e4nd de lokala transportbiljetter som ing\u00e5r i paketet f\u00f6r att resa stressfritt och h\u00e5llbart.<\/p><h2 class=\"\" data-start=\"4949\" data-end=\"5005\"><strong data-start=\"4952\" data-end=\"5005\">Slutsats: En kv\u00e4ll fylld av k\u00e4nslor och inspiration<\/strong><\/h2><p class=\"\" data-start=\"5007\" data-end=\"5357\">Den <strong data-start=\"5011\" data-end=\"5036\">Liten festival i Hannover<\/strong> erbjuder en lyckad blandning av konst, kulinariska l\u00e4ckerheter och humor och garanterar of\u00f6rgl\u00f6mliga sommarkv\u00e4llar \u00e5r efter \u00e5r. Alla som \u00e4lskar kultur, njutning och en speciell atmosf\u00e4r b\u00f6r inte missa detta evenemang. Evenemangspaketet g\u00f6r det till och med till en liten semester som kommer att leva kvar l\u00e4nge i minnet.<\/p>\t\t\t\t\t\t\t\t<\/div>\n\t\t\t\t<\/div>\n\t\t\t\t\t<\/div>\n\t\t\t\t<\/div>\n\t\t<div class=\"elementor-element elementor-element-8399a4b e-flex e-con-boxed e-con e-parent\" data-id=\"8399a4b\" data-element_type=\"container\" data-e-type=\"container\">\n\t\t\t\t\t<div class=\"e-con-inner\">\n\t\t\t\t<div class=\"elementor-element elementor-element-e092b71 elementor-align-justify elementor-widget elementor-widget-button\" data-id=\"e092b71\" data-element_type=\"widget\" data-e-type=\"widget\" data-widget_type=\"button.default\">\n\t\t\t\t<div class=\"elementor-widget-container\">\n\t\t\t\t\t\t\t\t\t<div class=\"elementor-button-wrapper\">\n\t\t\t\t\t<a class=\"elementor-button elementor-button-link elementor-size-sm\" href=\"https:\/\/hannover-living.de\/sv\/bokning-av-upplevelsepaket\/\">\n\t\t\t\t\t\t<span class=\"elementor-button-content-wrapper\">\n\t\t\t\t\t\t\t\t\t<span class=\"elementor-button-text\">Boka nu!<\/span>\n\t\t\t\t\t<\/span>\n\t\t\t\t\t<\/a>\n\t\t\t\t<\/div>\n\t\t\t\t\t\t\t\t<\/div>\n\t\t\t\t<\/div>\n\t\t\t\t<div class=\"elementor-element elementor-element-049ce6a elementor-widget elementor-widget-text-editor\" data-id=\"049ce6a\" data-element_type=\"widget\" data-e-type=\"widget\" data-widget_type=\"text-editor.default\">\n\t\t\t\t<div class=\"elementor-widget-container\">\n\t\t\t\t\t\t\t\t\t<h2 class=\"header-h1 standard emark\">Information och bokning:<\/h2><div class=\"table-responsive\"><table class=\"table table-bordered table-striped\"><tbody><tr><td class=\"emark\"><p class=\"emark\">Datum 2025:<\/p><\/td><td class=\"emark\"><p class=\"emark\">Onsdagen den 09 juli till s\u00f6ndagen den 13 juli<br \/>Tisdag 15 juli till s\u00f6ndag 20 juli<br \/>Tisdag 22 juli till s\u00f6ndag 27 juli<\/p><\/td><\/tr><tr><td class=\"emark\"><p class=\"emark\">Priser i ett 3*** hotell:<br \/>Priser p\u00e5 4**** Hotel:<br \/>Priser familj i ett 3*** hotell:<\/p><\/td><td class=\"emark\"><p class=\"emark\">135 \u20ac p.p. i dubbelrum \/ 179 \u20ac p.p. i enkelrum<br \/>149 \u20ac p.p. i dubbelrum \/ 190 \u20ac p.p. i enkelrum<br \/>fr\u00e5n \u20ac 285.00 Familj (2 vuxna + 1 barn)<br \/>fr\u00e5n \u20ac 305.00 Familj (2 vuxna + 2 barn)<\/p><\/td><\/tr><tr><td><p>Information:<\/p><\/td><td class=\"emark\"><p class=\"emark\">Telefon: +49 511 - 12345 333<br \/>E-post: <span class=\"cnw_skip_translation\"><a class=\"emark\" title=\"Den h\u00e4r l\u00e4nken leder till att du direkt kan skicka ett e-postmeddelande till teamet f\u00f6r stadsresor\" href=\"mailto:staedtereise@hannover-tourismus.de\" target=\"_blank\" rel=\"noopener\">staedtereise@hannover-tourismus.de<\/a><\/span><\/p><\/td><\/tr><\/tbody><\/table><\/div>\t\t\t\t\t\t\t\t<\/div>\n\t\t\t\t<\/div>\n\t\t\t\t\t<\/div>\n\t\t\t\t<\/div>\n\t\t<div class=\"elementor-element elementor-element-38de685 e-flex e-con-boxed e-con e-parent\" data-id=\"38de685\" data-element_type=\"container\" data-e-type=\"container\">\n\t\t\t\t\t<div class=\"e-con-inner\">\n\t\t<div class=\"elementor-element elementor-element-ebbc82c e-con-full e-flex e-con e-child\" data-id=\"ebbc82c\" data-element_type=\"container\" data-e-type=\"container\">\n\t\t\t\t<div class=\"elementor-element elementor-element-c4435a0 elementor-widget elementor-widget-image\" data-id=\"c4435a0\" data-element_type=\"widget\" data-e-type=\"widget\" data-widget_type=\"image.default\">\n\t\t\t\t<div class=\"elementor-widget-container\">\n\t\t\t\t\t\t\t\t\t\t\t\t\t\t\t<img decoding=\"async\" src=\"https:\/\/hannover-living.de\/wp-content\/uploads\/2025\/04\/4-1.jpg\" title=\"Liten fest i en stor tr\u00e4dg\u00e5rd\" alt=\"Liten fest i en stor tr\u00e4dg\u00e5rd\" loading=\"lazy\" \/>\t\t\t\t\t\t\t\t\t\t\t\t\t\t\t<\/div>\n\t\t\t\t<\/div>\n\t\t\t\t<\/div>\n\t\t<div class=\"elementor-element elementor-element-59e88a3 e-con-full e-flex e-con e-child\" data-id=\"59e88a3\" data-element_type=\"container\" data-e-type=\"container\">\n\t\t\t\t<\/div>\n\t\t<div class=\"elementor-element elementor-element-c705958 e-con-full e-flex e-con e-child\" data-id=\"c705958\" data-element_type=\"container\" data-e-type=\"container\">\n\t\t\t\t<\/div>\n\t\t\t\t\t<\/div>\n\t\t\t\t<\/div>\n\t\t<div class=\"elementor-element elementor-element-b342d8e e-grid e-con-boxed e-con e-parent\" data-id=\"b342d8e\" data-element_type=\"container\" data-e-type=\"container\">\n\t\t\t\t\t<div class=\"e-con-inner\">\n\t\t\t\t<div class=\"elementor-element elementor-element-8296a08 elementor-widget elementor-widget-image\" data-id=\"8296a08\" data-element_type=\"widget\" data-e-type=\"widget\" data-widget_type=\"image.default\">\n\t\t\t\t<div class=\"elementor-widget-container\">\n\t\t\t\t\t\t\t\t\t\t\t\t\t\t\t<img loading=\"lazy\" decoding=\"async\" width=\"800\" height=\"600\" src=\"https:\/\/hannover-living.de\/wp-content\/uploads\/2025\/04\/11-1024x768.jpg\" class=\"attachment-large size-large wp-image-33837\" alt=\"Hannover Living: Liten fest i den stora tr\u00e4dg\u00e5rden Konstn\u00e4rer med cello och gitarr\" srcset=\"https:\/\/hannover-living.de\/wp-content\/uploads\/2025\/04\/11-1024x768.jpg 1024w, https:\/\/hannover-living.de\/wp-content\/uploads\/2025\/04\/11-300x225.jpg 300w, https:\/\/hannover-living.de\/wp-content\/uploads\/2025\/04\/11-768x576.jpg 768w, https:\/\/hannover-living.de\/wp-content\/uploads\/2025\/04\/11-1536x1152.jpg 1536w, https:\/\/hannover-living.de\/wp-content\/uploads\/2025\/04\/11.jpg 2000w\" sizes=\"auto, (max-width: 800px) 100vw, 800px\" \/>\t\t\t\t\t\t\t\t\t\t\t\t\t\t\t<\/div>\n\t\t\t\t<\/div>\n\t\t\t\t<div class=\"elementor-element elementor-element-074fc46 elementor-widget elementor-widget-image\" data-id=\"074fc46\" data-element_type=\"widget\" data-e-type=\"widget\" data-widget_type=\"image.default\">\n\t\t\t\t<div class=\"elementor-widget-container\">\n\t\t\t\t\t\t\t\t\t\t\t\t\t\t\t<img decoding=\"async\" width=\"800\" height=\"600\" src=\"https:\/\/hannover-living.de\/wp-content\/uploads\/2025\/04\/3-1-1024x768.jpg\" class=\"attachment-large size-large wp-image-33841\" alt=\"Liten fest i en stor tr\u00e4dg\u00e5rd\" loading=\"lazy\" srcset=\"https:\/\/hannover-living.de\/wp-content\/uploads\/2025\/04\/3-1-1024x768.jpg 1024w, https:\/\/hannover-living.de\/wp-content\/uploads\/2025\/04\/3-1-300x225.jpg 300w, https:\/\/hannover-living.de\/wp-content\/uploads\/2025\/04\/3-1-768x576.jpg 768w, https:\/\/hannover-living.de\/wp-content\/uploads\/2025\/04\/3-1-1536x1152.jpg 1536w, https:\/\/hannover-living.de\/wp-content\/uploads\/2025\/04\/3-1.jpg 2000w\" sizes=\"auto, (max-width: 800px) 100vw, 800px\" \/>\t\t\t\t\t\t\t\t\t\t\t\t\t\t\t<\/div>\n\t\t\t\t<\/div>\n\t\t\t\t<div class=\"elementor-element elementor-element-a1d178f elementor-widget elementor-widget-image\" data-id=\"a1d178f\" data-element_type=\"widget\" data-e-type=\"widget\" data-widget_type=\"image.default\">\n\t\t\t\t<div class=\"elementor-widget-container\">\n\t\t\t\t\t\t\t\t\t\t\t\t\t\t\t<img decoding=\"async\" width=\"800\" height=\"600\" src=\"https:\/\/hannover-living.de\/wp-content\/uploads\/2025\/04\/4-1-1024x768.jpg\" class=\"attachment-large size-large wp-image-33842\" alt=\"Liten fest i en stor tr\u00e4dg\u00e5rd\" loading=\"lazy\" srcset=\"https:\/\/hannover-living.de\/wp-content\/uploads\/2025\/04\/4-1-1024x768.jpg 1024w, https:\/\/hannover-living.de\/wp-content\/uploads\/2025\/04\/4-1-300x225.jpg 300w, https:\/\/hannover-living.de\/wp-content\/uploads\/2025\/04\/4-1-768x576.jpg 768w, https:\/\/hannover-living.de\/wp-content\/uploads\/2025\/04\/4-1-1536x1152.jpg 1536w, https:\/\/hannover-living.de\/wp-content\/uploads\/2025\/04\/4-1.jpg 2000w\" sizes=\"auto, (max-width: 800px) 100vw, 800px\" \/>\t\t\t\t\t\t\t\t\t\t\t\t\t\t\t<\/div>\n\t\t\t\t<\/div>\n\t\t\t\t\t<\/div>\n\t\t\t\t<\/div>\n\t\t\t\t<\/div>","protected":false},"excerpt":{"rendered":"<p>Kleines Fest Hannover: Magische Sommern\u00e4chte im Gro\u00dfen Garten Das Kleines Fest Hannover z\u00e4hlt seit Jahren zu den kulturellen Highlights der Stadt und verzaubert jedes Jahr aufs Neue die Besucherinnen und Besucher. 2025 verwandelt sich der Gro\u00dfe Garten in Herrenhausen erneut in eine B\u00fchne der Fantasie, auf der Kunst, Humor und Kulinarik zu einem au\u00dfergew\u00f6hnlichen Erlebnis [&hellip;]<\/p>\n","protected":false},"author":9,"featured_media":33841,"comment_status":"closed","ping_status":"closed","sticky":false,"template":"","format":"standard","meta":{"footnotes":""},"categories":[20,26],"tags":[89,88,87],"class_list":["post-33709","post","type-post","status-publish","format-standard","has-post-thumbnail","hentry","category-erlebnispakete","category-herrenhausen","tag-uebernachtungsangebot","tag-erlebnispaket","tag-pauschale"],"_links":{"self":[{"href":"https:\/\/hannover-living.de\/sv\/wp-json\/wp\/v2\/posts\/33709","targetHints":{"allow":["GET"]}}],"collection":[{"href":"https:\/\/hannover-living.de\/sv\/wp-json\/wp\/v2\/posts"}],"about":[{"href":"https:\/\/hannover-living.de\/sv\/wp-json\/wp\/v2\/types\/post"}],"author":[{"embeddable":true,"href":"https:\/\/hannover-living.de\/sv\/wp-json\/wp\/v2\/users\/9"}],"replies":[{"embeddable":true,"href":"https:\/\/hannover-living.de\/sv\/wp-json\/wp\/v2\/comments?post=33709"}],"version-history":[{"count":8,"href":"https:\/\/hannover-living.de\/sv\/wp-json\/wp\/v2\/posts\/33709\/revisions"}],"predecessor-version":[{"id":37568,"href":"https:\/\/hannover-living.de\/sv\/wp-json\/wp\/v2\/posts\/33709\/revisions\/37568"}],"wp:featuredmedia":[{"embeddable":true,"href":"https:\/\/hannover-living.de\/sv\/wp-json\/wp\/v2\/media\/33841"}],"wp:attachment":[{"href":"https:\/\/hannover-living.de\/sv\/wp-json\/wp\/v2\/media?parent=33709"}],"wp:term":[{"taxonomy":"category","embeddable":true,"href":"https:\/\/hannover-living.de\/sv\/wp-json\/wp\/v2\/categories?post=33709"},{"taxonomy":"post_tag","embeddable":true,"href":"https:\/\/hannover-living.de\/sv\/wp-json\/wp\/v2\/tags?post=33709"}],"curies":[{"name":"wp","href":"https:\/\/api.w.org\/{rel}","templated":true}]}}