{"id":41073,"date":"2025-07-30T18:53:56","date_gmt":"2025-07-30T16:53:56","guid":{"rendered":"https:\/\/hannover-living.de\/?p=41073"},"modified":"2025-09-01T16:26:02","modified_gmt":"2025-09-01T14:26:02","slug":"maschseefest-2025-aer-invigt","status":"publish","type":"post","link":"https:\/\/hannover-living.de\/sv\/das-maschseefest-2025-ist-eroeffnet\/","title":{"rendered":"Maschseefest 2025 \u00e4r \u00f6ppen"},"content":{"rendered":"<div data-elementor-type=\"wp-post\" data-elementor-id=\"41073\" class=\"elementor elementor-41073\" data-elementor-post-type=\"post\">\n\t\t\t\t<div class=\"elementor-element elementor-element-9bbef20 e-flex e-con-boxed e-con e-parent\" data-id=\"9bbef20\" data-element_type=\"container\" data-e-type=\"container\">\n\t\t\t\t\t<div class=\"e-con-inner\">\n\t\t\t\t<div class=\"elementor-element elementor-element-66f4729 elementor-widget elementor-widget-text-editor\" data-id=\"66f4729\" data-element_type=\"widget\" data-e-type=\"widget\" data-widget_type=\"text-editor.default\">\n\t\t\t\t<div class=\"elementor-widget-container\">\n\t\t\t\t\t\t\t\t\t<p>I onsdags invigdes den 38:e Maschseefestivalen i Hannover. Fr\u00e5n den 30 juli till den 17 augusti kommer Maschsees str\u00e4nder att f\u00f6rvandlas till en livlig festivalplats under 19 dagar. Tysklands st\u00f6rsta sj\u00f6festival kommer att gl\u00e4dja bes\u00f6karna med kulinariska l\u00e4ckerheter fr\u00e5n hela v\u00e4rlden, mer \u00e4n 200 liveakter p\u00e5 flera scener och ett varierat program f\u00f6r barn och familjer.<\/p><p>Klassiker som det popul\u00e4ra ankloppet eller den st\u00e4mningsfulla fackelsimmet \u00e4r \u00e5terigen en del av programmet, liksom sp\u00e4nnande nyheter. En h\u00f6jdpunkt i \u00e5r \u00e4r det 75 meter h\u00f6ga Maschsee Tower, som f\u00f6r f\u00f6rsta g\u00e5ngen kommer att ge en hisnande utsikt fr\u00e5n Heinz von Heiden Arenas f\u00f6rg\u00e5rd.<\/p><p><strong>Festlig start med en blandning av sol och moln<\/strong><\/p><p>Maschseefestivalen \u00f6ppnades symboliskt kl. 18.00 i en fantastisk st\u00e4mning och i en fr\u00e4sch sommarv\u00e4rme p\u00e5 20 grader. Omgiven av f\u00e4rgglada styltg\u00e5ngare, akrobater och livemusiker klippte Hannovers borgm\u00e4stare Belit Onay och Andr\u00e9 Lawiszus, VD f\u00f6r Hannover Veranstaltungs GmbH (HVG), ceremoniellt det bl\u00e5 invigningsbandet - tillsammans med m\u00e5nga g\u00e4ster.<\/p><p>\"Maschsee ligger i hj\u00e4rtat av staden och Hannoverborna har tagit den till sina hj\u00e4rtan - och det g\u00e4ller \u00e4ven Maschseefestivalen. Den har l\u00e4nge varit en lika stor del av Hannovers kulturella DNA som Sch\u00fctzenfest. Tysklands st\u00f6rsta sj\u00f6festival lockar m\u00e4nniskor fr\u00e5n n\u00e4r och fj\u00e4rran med sin unika atmosf\u00e4r. Vi ser fram emot en stor, m\u00e5ngsidig, fredlig och f\u00e4rgstark festival. Hannover \u00e4r redo\", s\u00e4ger Onay.<\/p><p>Andr\u00e9 Lawiszus, som har varit verksamhetsansvarig f\u00f6r Maschseefest sedan 2011 och som i \u00e5r f\u00f6r f\u00f6rsta g\u00e5ngen \u00e4r ansvarig som vd f\u00f6r HVG, \u00e4r ocks\u00e5 mycket n\u00f6jd med den lyckade starten:<\/p><p>\"Det finns mycket att uppt\u00e4cka p\u00e5 alla fyra bankerna - fr\u00e5n nya restauranger till mycket speciella platser att njuta av, som den nydesignade v\u00e4stra banken med Aperitivo Bay.\"<\/p><p>Maschseefest har l\u00e4nge varit mer \u00e4n bara en regional friluftsfestival - som matfestival har den utvecklats till ett genuint kulturevenemang med internationell dragningskraft. Med sin maritima k\u00e4nsla i hj\u00e4rtat av staden k\u00e4nns det som om den f\u00f6rl\u00e4nger sommarlovet i Niedersachsen med tv\u00e5 och en halv vecka.<\/p><p>Omkring tv\u00e5 miljoner bes\u00f6kare v\u00e4ntas till Hannovers st\u00f6rsta sommarfestival \u00e4ven i \u00e5r.<\/p>\t\t\t\t\t\t\t\t<\/div>\n\t\t\t\t<\/div>\n\t\t\t\t\t<\/div>\n\t\t\t\t<\/div>\n\t\t<div class=\"elementor-element elementor-element-2995dd0 e-flex e-con-boxed e-con e-parent\" data-id=\"2995dd0\" data-element_type=\"container\" data-e-type=\"container\">\n\t\t\t\t\t<div class=\"e-con-inner\">\n\t\t\t\t<div class=\"elementor-element elementor-element-51e5098 elementor-align-justify elementor-widget elementor-widget-button\" data-id=\"51e5098\" data-element_type=\"widget\" data-e-type=\"widget\" data-widget_type=\"button.default\">\n\t\t\t\t<div class=\"elementor-widget-container\">\n\t\t\t\t\t\t\t\t\t<div class=\"elementor-button-wrapper\">\n\t\t\t\t\t<a class=\"elementor-button elementor-button-link elementor-size-sm\" href=\"http:\/\/www.maschseefest.de\" target=\"_blank\" rel=\"noopener\">\n\t\t\t\t\t\t<span class=\"elementor-button-content-wrapper\">\n\t\t\t\t\t\t\t\t\t<span class=\"elementor-button-text\">Officiell webbplats<\/span>\n\t\t\t\t\t<\/span>\n\t\t\t\t\t<\/a>\n\t\t\t\t<\/div>\n\t\t\t\t\t\t\t\t<\/div>\n\t\t\t\t<\/div>\n\t\t\t\t\t<\/div>\n\t\t\t\t<\/div>\n\t\t\t\t<\/div>","protected":false},"excerpt":{"rendered":"<p>An diesem Mittwoch wurde in Hannover das 38. Maschseefest offiziell er\u00f6ffnet. Vom 30. Juli bis zum 17. August verwandelt sich das Ufer des Maschsees f\u00fcr 19 Tage in eine pulsierende Festmeile. Deutschlands gr\u00f6\u00dftes Seefest begeistert mit kulinarischer Vielfalt aus aller Welt, mehr als 200 Live-Acts auf mehreren B\u00fchnen sowie einem abwechslungsreichen Programm f\u00fcr Kinder und [&hellip;]<\/p>\n","protected":false},"author":7,"featured_media":41074,"comment_status":"open","ping_status":"open","sticky":false,"template":"","format":"standard","meta":{"footnotes":""},"categories":[1],"tags":[98],"class_list":["post-41073","post","type-post","status-publish","format-standard","has-post-thumbnail","hentry","category-uncategorized","tag-event"],"_links":{"self":[{"href":"https:\/\/hannover-living.de\/sv\/wp-json\/wp\/v2\/posts\/41073","targetHints":{"allow":["GET"]}}],"collection":[{"href":"https:\/\/hannover-living.de\/sv\/wp-json\/wp\/v2\/posts"}],"about":[{"href":"https:\/\/hannover-living.de\/sv\/wp-json\/wp\/v2\/types\/post"}],"author":[{"embeddable":true,"href":"https:\/\/hannover-living.de\/sv\/wp-json\/wp\/v2\/users\/7"}],"replies":[{"embeddable":true,"href":"https:\/\/hannover-living.de\/sv\/wp-json\/wp\/v2\/comments?post=41073"}],"version-history":[{"count":5,"href":"https:\/\/hannover-living.de\/sv\/wp-json\/wp\/v2\/posts\/41073\/revisions"}],"predecessor-version":[{"id":41494,"href":"https:\/\/hannover-living.de\/sv\/wp-json\/wp\/v2\/posts\/41073\/revisions\/41494"}],"wp:featuredmedia":[{"embeddable":true,"href":"https:\/\/hannover-living.de\/sv\/wp-json\/wp\/v2\/media\/41074"}],"wp:attachment":[{"href":"https:\/\/hannover-living.de\/sv\/wp-json\/wp\/v2\/media?parent=41073"}],"wp:term":[{"taxonomy":"category","embeddable":true,"href":"https:\/\/hannover-living.de\/sv\/wp-json\/wp\/v2\/categories?post=41073"},{"taxonomy":"post_tag","embeddable":true,"href":"https:\/\/hannover-living.de\/sv\/wp-json\/wp\/v2\/tags?post=41073"}],"curies":[{"name":"wp","href":"https:\/\/api.w.org\/{rel}","templated":true}]}}