{"id":23209,"date":"2024-02-29T14:44:04","date_gmt":"2024-02-29T13:44:04","guid":{"rendered":"https:\/\/hannover-living.de\/?p=23209"},"modified":"2024-02-29T14:44:04","modified_gmt":"2024-02-29T13:44:04","slug":"hannover-fuar-oteli","status":"publish","type":"post","link":"https:\/\/hannover-living.de\/tr\/hotel-hannover-messe\/","title":{"rendered":"Stand personeli ve fuar misafirleri i\u00e7in oteller"},"content":{"rendered":"<div data-elementor-type=\"wp-post\" data-elementor-id=\"23209\" class=\"elementor elementor-23209\" data-elementor-post-type=\"post\">\n\t\t\t\t\t\t<section class=\"elementor-section elementor-top-section elementor-element elementor-element-da373f1 elementor-section-boxed elementor-section-height-default elementor-section-height-default\" data-id=\"da373f1\" data-element_type=\"section\" data-e-type=\"section\">\n\t\t\t\t\t\t<div class=\"elementor-container elementor-column-gap-default\">\n\t\t\t\t\t<div class=\"elementor-column elementor-col-100 elementor-top-column elementor-element elementor-element-aafa6a0\" data-id=\"aafa6a0\" data-element_type=\"column\" data-e-type=\"column\">\n\t\t\t<div class=\"elementor-widget-wrap elementor-element-populated\">\n\t\t\t\t\t\t<div class=\"elementor-element elementor-element-64c485e elementor-widget elementor-widget-text-editor\" data-id=\"64c485e\" data-element_type=\"widget\" data-e-type=\"widget\" data-widget_type=\"text-editor.default\">\n\t\t\t\t<div class=\"elementor-widget-container\">\n\t\t\t\t\t\t\t\t\t<h5>Hannover'de ticaret fuar\u0131 zaman\u0131:<\/h5><h3>Fuar konaklaman\u0131z i\u00e7in size \u00f6zel otelleri ke\u015ffedin<\/h3>\t\t\t\t\t\t\t\t<\/div>\n\t\t\t\t<\/div>\n\t\t\t\t\t<\/div>\n\t\t<\/div>\n\t\t\t\t\t<\/div>\n\t\t<\/section>\n\t\t\t\t<section class=\"elementor-section elementor-top-section elementor-element elementor-element-079f6a3 elementor-section-boxed elementor-section-height-default elementor-section-height-default\" data-id=\"079f6a3\" data-element_type=\"section\" data-e-type=\"section\">\n\t\t\t\t\t\t<div class=\"elementor-container elementor-column-gap-default\">\n\t\t\t\t\t<div class=\"elementor-column elementor-col-100 elementor-top-column elementor-element elementor-element-61c727d\" data-id=\"61c727d\" data-element_type=\"column\" data-e-type=\"column\">\n\t\t\t<div class=\"elementor-widget-wrap elementor-element-populated\">\n\t\t\t\t\t\t<div class=\"elementor-element elementor-element-c33ead3 elementor-widget elementor-widget-text-editor\" data-id=\"c33ead3\" data-element_type=\"widget\" data-e-type=\"widget\" data-widget_type=\"text-editor.default\">\n\t\t\t\t<div class=\"elementor-widget-container\">\n\t\t\t\t\t\t\t\t\t<h3>Hannover'i ke\u015ffedin: unutulmaz fuar deneyimlerine a\u00e7\u0131lan kap\u0131n\u0131z<\/h3><p>Almanya'daki ticaret fuarlar\u0131n\u0131n merkezi olan canl\u0131 Hannover \u015fehrine ho\u015f geldiniz! Yakla\u015fan bir ticaret fuar\u0131na grup seyahati planl\u0131yor ve ekibiniz i\u00e7in ideal konaklama yerini mi ar\u0131yorsunuz? Hannover Konaklama Hizmeti, grup konaklaman\u0131z\u0131 planlaman\u0131z\u0131 \u00e7ok daha kolay hale getirecektir.<\/p><h3>Fuar ziyaretiniz i\u00e7in \u00f6zelle\u015ftirilmi\u015f grup konaklamas\u0131<\/h3><p>Hannover Konaklama Hizmeti ekibi, fuar ziyaret\u00e7ileri i\u00e7in konforlu ve stratejik olarak konumland\u0131r\u0131lm\u0131\u015f konaklaman\u0131n \u00f6neminin fark\u0131ndad\u0131r. Hannover'deki \u00e7ok say\u0131da otelle yak\u0131n i\u015fbirli\u011fi i\u00e7inde \u00e7al\u0131\u015farak, her b\u00fcy\u00fckl\u00fckteki grup i\u00e7in \u00f6zelle\u015ftirilmi\u015f konaklama \u00e7\u00f6z\u00fcmleri sunabiliyoruz. Grubunuz ister k\u00fc\u00e7\u00fck ister b\u00fcy\u00fck olsun, sizin i\u00e7in m\u00fckemmel \u00e7\u00f6z\u00fcm\u00fc bulaca\u011f\u0131z.<\/p><h3>Konfor ve rahatl\u0131\u011fa odaklan\u0131n<\/h3><p>Gruplara y\u00f6nelik konaklama tesislerimiz konforu ve pratik konumuyla \u00f6ne \u00e7\u0131kmaktad\u0131r. Fuar merkezinin ve Hannover'deki di\u011fer \u00f6nemli yerlerin hemen yak\u0131n\u0131ndaki otelleri se\u00e7meye \u00f6zen g\u00f6steriyoruz. Bu, tamamen fuara konsantre olman\u0131z\u0131 ve uzun yolculuklardan ka\u00e7\u0131nman\u0131z\u0131 sa\u011flar.<\/p><p>Hannover'de yakla\u015fan ticaret fuar\u0131 i\u00e7in ideal grup konaklamas\u0131n\u0131 bulman\u0131za nas\u0131l yard\u0131mc\u0131 olabilece\u011fimiz hakk\u0131nda daha fazla bilgi edinin. Sizi desteklemek ve konaklaman\u0131z\u0131 \u00f6zel bir deneyime d\u00f6n\u00fc\u015ft\u00fcrmek i\u00e7in sab\u0131rs\u0131zlan\u0131yoruz!<\/p><h3>Biz senin yan\u0131nday\u0131z<\/h3><p>Deneyimli ekibimiz m\u00fckemmel oteli bulman\u0131za yard\u0131mc\u0131 olmaktan mutluluk duyacakt\u0131r. Basit sorgulama formumuzu kullanarak tercihlerinizi ve gereksinimlerinizi bize bildirebilirsiniz; planlaman\u0131n geri kalan\u0131n\u0131 sizin i\u00e7in biz halledece\u011fiz. En iyi ko\u015fullar i\u00e7in pazarl\u0131k yapacak, m\u00fcsaitlik durumunu kontrol edecek ve tamamen rahatlayabilmeniz i\u00e7in gerekli t\u00fcm ayr\u0131nt\u0131lar\u0131 organize edece\u011fiz.<\/p><h3>Bizimle ileti\u015fime ge\u00e7mekten \u00e7ekinmeyin!<\/h3><p>Hannover'deki bir sonraki konaklaman\u0131z\u0131 Hannover Konaklama Hizmeti ile planlay\u0131n ve karma\u015f\u0131k olmayan bir rezervasyon s\u00fcrecinden, birinci s\u0131n\u0131f hizmetten ve bu etkileyici \u015fehirde unutulmaz anlardan yararlan\u0131n. Otel talebinizi bug\u00fcn bize g\u00f6nderin ve Hannover'deki konaklaman\u0131z\u0131n unutulmaz olmas\u0131n\u0131 sa\u011flayal\u0131m!<\/p><p><a href=\"https:\/\/www.visit-hannover.com\/Hotels,-FeWo,-B-Bs-Erlebnispakete\/Hotels,-Ferienwohnungen-und-Privatzimmer\/Aufenthalt-in-Hannover-und-der-Region\/Zimmervermittlung\" target=\"_blank\" rel=\"noopener\">Hannover'deki konaklama acentenize do\u011frudan ula\u015f\u0131n<\/a><\/p><p><a href=\"http:\/\/www.visit-hannover.com\/hotels\" target=\"_blank\" rel=\"noopener\">www.visit-hannover.com\/hotels<\/a><\/p><p>Posta: hotels@hannover-tourismus.de<\/p><p>Tel: +49 511 12345 555<\/p>\t\t\t\t\t\t\t\t<\/div>\n\t\t\t\t<\/div>\n\t\t\t\t\t<\/div>\n\t\t<\/div>\n\t\t\t\t\t<\/div>\n\t\t<\/section>\n\t\t\t\t<section class=\"elementor-section elementor-top-section elementor-element elementor-element-f759992 elementor-section-boxed elementor-section-height-default elementor-section-height-default\" data-id=\"f759992\" data-element_type=\"section\" data-e-type=\"section\">\n\t\t\t\t\t\t<div class=\"elementor-container elementor-column-gap-default\">\n\t\t\t\t\t<div class=\"elementor-column elementor-col-100 elementor-top-column elementor-element elementor-element-08b81a1\" data-id=\"08b81a1\" data-element_type=\"column\" data-e-type=\"column\" data-settings=\"{&quot;background_background&quot;:&quot;classic&quot;}\">\n\t\t\t<div class=\"elementor-widget-wrap elementor-element-populated\">\n\t\t\t\t\t\t<div class=\"elementor-element elementor-element-6a9f9fe elementor-widget elementor-widget-text-editor\" data-id=\"6a9f9fe\" data-element_type=\"widget\" data-e-type=\"widget\" data-widget_type=\"text-editor.default\">\n\t\t\t\t<div class=\"elementor-widget-container\">\n\t\t\t\t\t\t\t\t\t<h4 style=\"text-align: center;\">Grup soru\u015fturmas\u0131na<\/h4><p style=\"text-align: center;\">Burada, fuar i\u00e7in oda ihtiya\u00e7lar\u0131n\u0131z i\u00e7in \u00fccretsiz bir talepte bulunabilirsiniz.<\/p>\t\t\t\t\t\t\t\t<\/div>\n\t\t\t\t<\/div>\n\t\t\t\t<div class=\"elementor-element elementor-element-0959379 elementor-align-center elementor-widget elementor-widget-button\" data-id=\"0959379\" data-element_type=\"widget\" data-e-type=\"widget\" data-widget_type=\"button.default\">\n\t\t\t\t<div class=\"elementor-widget-container\">\n\t\t\t\t\t\t\t\t\t<div class=\"elementor-button-wrapper\">\n\t\t\t\t\t<a class=\"elementor-button elementor-button-link elementor-size-sm\" href=\"#\">\n\t\t\t\t\t\t<span class=\"elementor-button-content-wrapper\">\n\t\t\t\t\t\t\t\t\t<span class=\"elementor-button-text\">Buraya t\u0131klay\u0131n<\/span>\n\t\t\t\t\t<\/span>\n\t\t\t\t\t<\/a>\n\t\t\t\t<\/div>\n\t\t\t\t\t\t\t\t<\/div>\n\t\t\t\t<\/div>\n\t\t\t\t\t<\/div>\n\t\t<\/div>\n\t\t\t\t\t<\/div>\n\t\t<\/section>\n\t\t\t\t<\/div>","protected":false},"excerpt":{"rendered":"<p>Konfor ve rahatl\u0131k i\u00e7in Hannover Messe yak\u0131n\u0131ndaki m\u00fckemmel oteli bulun. \u0130deal konum, en iyi fiyatlar. Rezervasyonunuzu \u015fimdi yap\u0131n!<\/p>","protected":false},"author":7,"featured_media":19993,"comment_status":"closed","ping_status":"closed","sticky":false,"template":"","format":"standard","meta":{"footnotes":""},"categories":[2],"tags":[56,57],"class_list":["post-23209","post","type-post","status-publish","format-standard","has-post-thumbnail","hentry","category-uebernachtungsangebote","tag-hotel","tag-zimmervermittlung-hannover"],"_links":{"self":[{"href":"https:\/\/hannover-living.de\/tr\/wp-json\/wp\/v2\/posts\/23209","targetHints":{"allow":["GET"]}}],"collection":[{"href":"https:\/\/hannover-living.de\/tr\/wp-json\/wp\/v2\/posts"}],"about":[{"href":"https:\/\/hannover-living.de\/tr\/wp-json\/wp\/v2\/types\/post"}],"author":[{"embeddable":true,"href":"https:\/\/hannover-living.de\/tr\/wp-json\/wp\/v2\/users\/7"}],"replies":[{"embeddable":true,"href":"https:\/\/hannover-living.de\/tr\/wp-json\/wp\/v2\/comments?post=23209"}],"version-history":[{"count":0,"href":"https:\/\/hannover-living.de\/tr\/wp-json\/wp\/v2\/posts\/23209\/revisions"}],"wp:featuredmedia":[{"embeddable":true,"href":"https:\/\/hannover-living.de\/tr\/wp-json\/wp\/v2\/media\/19993"}],"wp:attachment":[{"href":"https:\/\/hannover-living.de\/tr\/wp-json\/wp\/v2\/media?parent=23209"}],"wp:term":[{"taxonomy":"category","embeddable":true,"href":"https:\/\/hannover-living.de\/tr\/wp-json\/wp\/v2\/categories?post=23209"},{"taxonomy":"post_tag","embeddable":true,"href":"https:\/\/hannover-living.de\/tr\/wp-json\/wp\/v2\/tags?post=23209"}],"curies":[{"name":"wp","href":"https:\/\/api.w.org\/{rel}","templated":true}]}}