{"id":23215,"date":"2024-02-29T15:02:02","date_gmt":"2024-02-29T14:02:02","guid":{"rendered":"https:\/\/hannover-living.de\/?p=23215"},"modified":"2025-05-02T13:19:39","modified_gmt":"2025-05-02T11:19:39","slug":"tatil-evleri-ve-oezel-odalar","status":"publish","type":"post","link":"https:\/\/hannover-living.de\/tr\/tatil-evleri-ve-oezel-odalar\/","title":{"rendered":"Tatil daireleri ve \u00f6zel odalar"},"content":{"rendered":"<div data-elementor-type=\"wp-post\" data-elementor-id=\"23215\" class=\"elementor elementor-23215\" data-elementor-post-type=\"post\">\n\t\t\t\t\t\t<section class=\"elementor-section elementor-top-section elementor-element elementor-element-126373a elementor-section-boxed elementor-section-height-default elementor-section-height-default\" data-id=\"126373a\" data-element_type=\"section\" data-e-type=\"section\">\n\t\t\t\t\t\t<div class=\"elementor-container elementor-column-gap-default\">\n\t\t\t\t\t<div class=\"elementor-column elementor-col-100 elementor-top-column elementor-element elementor-element-6085b63\" data-id=\"6085b63\" data-element_type=\"column\" data-e-type=\"column\">\n\t\t\t<div class=\"elementor-widget-wrap elementor-element-populated\">\n\t\t\t\t\t\t<div class=\"elementor-element elementor-element-1948428 elementor-widget elementor-widget-text-editor\" data-id=\"1948428\" data-element_type=\"widget\" data-e-type=\"widget\" data-widget_type=\"text-editor.default\">\n\t\t\t\t<div class=\"elementor-widget-container\">\n\t\t\t\t\t\t\t\t\t<h3>Konforu ve rahatl\u0131\u011f\u0131 ke\u015ffedin: Fuarlar s\u0131ras\u0131nda Hannover'de tatil daireleri ve \u00f6zel odalar<\/h3><p style=\"border: 0px solid #e3e3e3; --tw-border-spacing-x: 0; --tw-border-spacing-y: 0; --tw-translate-x: 0; --tw-translate-y: 0; --tw-rotate: 0; --tw-skew-x: 0; --tw-skew-y: 0; --tw-scale-x: 1; --tw-scale-y: 1; --tw-scroll-snap-strictness: proximity; --tw-ring-offset-width: 0px; --tw-ring-offset-color: #fff; --tw-ring-color: rgba(69,89,164,.5); --tw-ring-offset-shadow: 0 0 transparent; --tw-ring-shadow: 0 0 transparent; --tw-shadow: 0 0 transparent; --tw-shadow-colored: 0 0 transparent; margin: 1.25em 0px; color: #0d0d0d; font-family: S\u00f6hne, ui-sans-serif, system-ui, -apple-system, 'Segoe UI', Roboto, Ubuntu, Cantarell, 'Noto Sans', sans-serif, 'Helvetica Neue', Arial, 'Apple Color Emoji', 'Segoe UI Emoji', 'Segoe UI Symbol', 'Noto Color Emoji'; white-space-collapse: preserve;\">Ya\u015fam dolu ve k\u00fclt\u00fcrel \u00e7e\u015fitlili\u011fe sahip bir \u015fehir olan Hannover, sadece etkileyici ticaret fuarlar\u0131yla de\u011fil, ayn\u0131 zamanda misafirperverli\u011fiyle de tan\u0131n\u0131r. Bir ticaret fuar\u0131na kat\u0131lmay\u0131 planl\u0131yorsan\u0131z, ihtiya\u00e7lar\u0131n\u0131za uygun m\u00fckemmel konaklamay\u0131 bulman\u0131za yard\u0131mc\u0131 olmak isteriz.<\/p><h5>\u0130deal konaklama \u00e7\u00f6z\u00fcm\u00fc<\/h5><p>Tatil daireleri ve \u00f6zel odalardan olu\u015fan se\u00e7kimiz, Hannover'deki ticaret fuar\u0131nda ge\u00e7irece\u011finiz s\u00fcre boyunca size evden uzakta bir ev sunuyor. Kendi d\u00f6rt duvar\u0131n\u0131za sahip olman\u0131n konforunun ve \u00f6zg\u00fcrl\u00fc\u011f\u00fcn\u00fcn tad\u0131n\u0131 \u00e7\u0131kar\u0131n ve rahat konaklama yerinize \u00e7ekildi\u011finizde ticaret fuar\u0131n\u0131n ko\u015fu\u015fturmas\u0131ndan ka\u00e7\u0131n\u0131n.<\/p><h5>Konfor ve olanaklar<\/h5><p>Tatil dairelerimiz ve \u00f6zel odalar\u0131m\u0131z, konaklaman\u0131z\u0131 m\u00fcmk\u00fcn oldu\u011funca konforlu hale getirmek i\u00e7in \u00f6zenle d\u00f6\u015fenmi\u015ftir. Geni\u015f ya\u015fam alanlar\u0131ndan tam donan\u0131ml\u0131 mutfaklara kadar, kendinizi evinizde hissetmeniz i\u00e7in ihtiyac\u0131n\u0131z olan her \u015feyi sunarlar. Ticaret fuar\u0131nda ge\u00e7irdi\u011finiz uzun bir g\u00fcn\u00fcn ard\u0131ndan kendi inzivan\u0131zda dinlenebilir ve enerji toplayabilirsiniz.<\/p><h5>Fuar ziyaret\u00e7ileri i\u00e7in ideal konum<\/h5><p>Konaklama yerlerimizin konumu da bir ba\u015fka art\u0131 noktad\u0131r. Fuar merkezinin yak\u0131n\u0131nda yer alan bu tesisler, fuar ziyaretleriniz i\u00e7in size m\u00fckemmel bir \u00fcs sunmaktad\u0131r. Mekanlara y\u00fcr\u00fcyerek veya toplu ta\u015f\u0131ma ara\u00e7lar\u0131yla kolayca ula\u015fabilir ve de\u011ferli zaman\u0131n\u0131zdan ve \u00e7aban\u0131zdan tasarruf edebilirsiniz.<\/p><h5>Esneklik ve bireysellik<\/h5><p>Tatil dairelerimizi ve \u00f6zel odalar\u0131m\u0131z\u0131 \u00f6zel k\u0131lan \u015fey esneklikleri ve bireysellikleridir. \u0130ster tek ba\u015f\u0131n\u0131za, ister i\u015f arkada\u015flar\u0131n\u0131zla veya grup halinde seyahat ediyor olun, ihtiya\u00e7lar\u0131n\u0131za uygun konaklama se\u00e7eneklerimiz mevcuttur. \u00c7e\u015fitli se\u00e7enekler aras\u0131ndan se\u00e7im yapabilir ve gereksinimlerinize en uygun olan\u0131 se\u00e7ebilirsiniz.<\/p>\t\t\t\t\t\t\t\t<\/div>\n\t\t\t\t<\/div>\n\t\t\t\t\t<\/div>\n\t\t<\/div>\n\t\t\t\t\t<\/div>\n\t\t<\/section>\n\t\t\t\t<section class=\"elementor-section elementor-top-section elementor-element elementor-element-6d90dff elementor-section-boxed elementor-section-height-default elementor-section-height-default\" data-id=\"6d90dff\" data-element_type=\"section\" data-e-type=\"section\">\n\t\t\t\t\t\t<div class=\"elementor-container elementor-column-gap-default\">\n\t\t\t\t\t<div class=\"elementor-column elementor-col-100 elementor-top-column elementor-element elementor-element-e07ab90\" data-id=\"e07ab90\" data-element_type=\"column\" data-e-type=\"column\">\n\t\t\t<div class=\"elementor-widget-wrap elementor-element-populated\">\n\t\t\t\t\t\t<div class=\"elementor-element elementor-element-692e94f elementor-cta--skin-classic elementor-animated-content elementor-bg-transform elementor-bg-transform-zoom-in elementor-widget elementor-widget-call-to-action\" data-id=\"692e94f\" data-element_type=\"widget\" data-e-type=\"widget\" data-widget_type=\"call-to-action.default\">\n\t\t\t\t<div class=\"elementor-widget-container\">\n\t\t\t\t\t\t\t<div class=\"elementor-cta\">\n\t\t\t\t\t\t\t<div class=\"elementor-cta__content\">\n\t\t\t\t\n\t\t\t\t\t\t\t\t\t<h2 class=\"elementor-cta__title elementor-cta__content-item elementor-content-item\">\n\t\t\t\t\t\tTatil daireleri &amp; \u00f6zel odalar\t\t\t\t\t<\/h2>\n\t\t\t\t\n\t\t\t\t\t\t\t\t\t<div class=\"elementor-cta__description elementor-cta__content-item elementor-content-item\">\n\t\t\t\t\t\tBir sonraki konaklaman\u0131z i\u00e7in Hannover'deki rahat tatil dairelerini ve \u00f6zel odalar\u0131 ke\u015ffedin. \u015eimdi rezervasyon yap\u0131n ve \u015fehri bir yerli gibi deneyimleyin.\t\t\t\t\t<\/div>\n\t\t\t\t\n\t\t\t\t\t\t\t\t\t<div class=\"elementor-cta__button-wrapper elementor-cta__content-item elementor-content-item\">\n\t\t\t\t\t<a class=\"elementor-cta__button elementor-button elementor-size-\" href=\"https:\/\/tportal.tomas.travel\/hannover-privatvermietung\/ukv\/?lang=de\" target=\"_blank\" rel=\"noopener\">\n\t\t\t\t\t\tArama ve Talepler\t\t\t\t\t<\/a>\n\t\t\t\t\t<\/div>\n\t\t\t\t\t\t\t<\/div>\n\t\t\t\t\t\t<\/div>\n\t\t\t\t\t\t<\/div>\n\t\t\t\t<\/div>\n\t\t\t\t\t<\/div>\n\t\t<\/div>\n\t\t\t\t\t<\/div>\n\t\t<\/section>\n\t\t\t\t<section class=\"elementor-section elementor-top-section elementor-element elementor-element-80a841b elementor-section-boxed elementor-section-height-default elementor-section-height-default\" data-id=\"80a841b\" data-element_type=\"section\" data-e-type=\"section\">\n\t\t\t\t\t\t<div class=\"elementor-container elementor-column-gap-default\">\n\t\t\t\t\t<div class=\"elementor-column elementor-col-100 elementor-top-column elementor-element elementor-element-f40f603\" data-id=\"f40f603\" data-element_type=\"column\" data-e-type=\"column\">\n\t\t\t<div class=\"elementor-widget-wrap elementor-element-populated\">\n\t\t\t\t\t\t<div class=\"elementor-element elementor-element-ace14e0 elementor-widget elementor-widget-text-editor\" data-id=\"ace14e0\" data-element_type=\"widget\" data-e-type=\"widget\" data-widget_type=\"text-editor.default\">\n\t\t\t\t<div class=\"elementor-widget-container\">\n\t\t\t\t\t\t\t\t\t<h3>Hayalinizdeki konaklamay\u0131 \u015fimdi ay\u0131rt\u0131n<\/h3><p>Hannover'deki ticaret fuar\u0131nda kal\u0131\u015f\u0131n\u0131z\u0131 unutulmaz bir deneyime d\u00f6n\u00fc\u015ft\u00fcrmek i\u00e7in bu f\u0131rsat\u0131 de\u011ferlendirin. Tatil dairelerimizden veya \u00f6zel odalar\u0131m\u0131zdan birini bug\u00fcn ay\u0131rt\u0131n ve fuarda ge\u00e7irece\u011finiz s\u00fcre boyunca konfor, rahatl\u0131k ve m\u00fckemmel bir konumu d\u00f6rt g\u00f6zle bekleyin.<\/p><p>Deneyimli personelden olu\u015fan ekibimiz m\u00fckemmel oteli bulman\u0131za yard\u0131mc\u0131 olmaktan mutluluk duyacakt\u0131r. Tercihlerinizi ve gereksinimlerinizi bize bildirmek i\u00e7in basit sorgulama formumuzu kullan\u0131n. Fiyat pazarl\u0131\u011f\u0131 yapacak, m\u00fcsaitlik durumunu kontrol edecek ve rezervasyonunuzun t\u00fcm ayr\u0131nt\u0131lar\u0131yla ilgilenece\u011fiz. B\u00f6ylece siz rahatlayabilir ve seyahatinize haz\u0131rlanabilirsiniz.<\/p><h5>\u0130leti\u015fime ge\u00e7in!<\/h5><p>Hannover'e yapaca\u011f\u0131n\u0131z bir sonraki ziyaretinizi Hannover Konaklama Hizmeti ile planlay\u0131n ve sorunsuz bir rezervasyon s\u00fcrecinden, birinci s\u0131n\u0131f m\u00fc\u015fteri hizmetlerinden ve bu canl\u0131 \u015fehirde unutulmaz bir deneyimden yararlan\u0131n. Bize talebinizi g\u00f6nderin ve Hannover'deki konaklaman\u0131z\u0131 \u00f6zel bir deneyime d\u00f6n\u00fc\u015ft\u00fcrmenize yard\u0131mc\u0131 olal\u0131m.<\/p><p style=\"text-align: right;\"><strong><a href=\"https:\/\/www.visit-hannover.com\/Media\/visit-hannover\/GIS\/Organisationen\/Zimmervermittlung-Hannover\" target=\"_blank\" rel=\"noopener\">Konaklama ekibi\u00a0<\/a><br \/><\/strong>Telefon +49 (0) 511 \/ 12345-555\u00a0<br \/>hotels@hannover-tourismus.de<\/p>\t\t\t\t\t\t\t\t<\/div>\n\t\t\t\t<\/div>\n\t\t\t\t\t<\/div>\n\t\t<\/div>\n\t\t\t\t\t<\/div>\n\t\t<\/section>\n\t\t\t\t<section class=\"elementor-section elementor-top-section elementor-element elementor-element-a9d1abb elementor-section-boxed elementor-section-height-default elementor-section-height-default\" data-id=\"a9d1abb\" data-element_type=\"section\" data-e-type=\"section\">\n\t\t\t\t\t\t<div class=\"elementor-container elementor-column-gap-default\">\n\t\t\t\t\t<div class=\"elementor-column elementor-col-100 elementor-top-column elementor-element elementor-element-d204ef0\" data-id=\"d204ef0\" data-element_type=\"column\" data-e-type=\"column\">\n\t\t\t<div class=\"elementor-widget-wrap elementor-element-populated\">\n\t\t\t\t\t\t<div class=\"elementor-element elementor-element-eba1c23 elementor-cta--skin-classic elementor-animated-content elementor-bg-transform elementor-bg-transform-zoom-in elementor-widget elementor-widget-call-to-action\" data-id=\"eba1c23\" data-element_type=\"widget\" data-e-type=\"widget\" data-widget_type=\"call-to-action.default\">\n\t\t\t\t<div class=\"elementor-widget-container\">\n\t\t\t\t\t\t\t<div class=\"elementor-cta\">\n\t\t\t\t\t\t\t<div class=\"elementor-cta__content\">\n\t\t\t\t\n\t\t\t\t\t\t\t\t\t<h2 class=\"elementor-cta__title elementor-cta__content-item elementor-content-item\">\n\t\t\t\t\t\tHannover'in ev sahibi olun: ticaret fuar\u0131 mum 4.0\t\t\t\t\t<\/h2>\n\t\t\t\t\n\t\t\t\t\t\t\t\t\t<div class=\"elementor-cta__description elementor-cta__content-item elementor-content-item\">\n\t\t\t\t\t\tKullanmad\u0131\u011f\u0131n\u0131z bir ya\u015fam alan\u0131n\u0131z var ve d\u00fcnyan\u0131n her yerinden gelen misafirleri a\u011f\u0131rlamaktan ho\u015flan\u0131yor musunuz? O halde \"Messemutti 4.0\" toplulu\u011funun bir par\u00e7as\u0131 olun ve Hannover'in misafirperverli\u011fini yeni bir seviyeye ta\u015f\u0131y\u0131n.\t\t\t\t\t<\/div>\n\t\t\t\t\n\t\t\t\t\t\t\t\t\t<div class=\"elementor-cta__button-wrapper elementor-cta__content-item elementor-content-item\">\n\t\t\t\t\t<a class=\"elementor-cta__button elementor-button elementor-size-\" href=\"https:\/\/hannover-living.de\/tr\/oezel-oda-2\/\">\n\t\t\t\t\t\tBir ticaret fuar\u0131 annesi 4.0 olmak\t\t\t\t\t<\/a>\n\t\t\t\t\t<\/div>\n\t\t\t\t\t\t\t<\/div>\n\t\t\t\t\t\t<\/div>\n\t\t\t\t\t\t<\/div>\n\t\t\t\t<\/div>\n\t\t\t\t\t<\/div>\n\t\t<\/div>\n\t\t\t\t\t<\/div>\n\t\t<\/section>\n\t\t\t\t<\/div>","protected":false},"excerpt":{"rendered":"<p>Konforu ve rahatl\u0131\u011f\u0131 ke\u015ffedin: Hannover'deki ticaret fuarlar\u0131 veya di\u011fer konaklamalar s\u0131ras\u0131nda tatil daireleri ve \u00f6zel odalar.<\/p>","protected":false},"author":7,"featured_media":23216,"comment_status":"closed","ping_status":"closed","sticky":false,"template":"","format":"standard","meta":{"footnotes":""},"categories":[2],"tags":[118,120,121,119],"class_list":["post-23215","post","type-post","status-publish","format-standard","has-post-thumbnail","hentry","category-uebernachtungsangebote","tag-uebernachtung","tag-ferienwohnung","tag-privatzimmer","tag-zimmervermittlung"],"_links":{"self":[{"href":"https:\/\/hannover-living.de\/tr\/wp-json\/wp\/v2\/posts\/23215","targetHints":{"allow":["GET"]}}],"collection":[{"href":"https:\/\/hannover-living.de\/tr\/wp-json\/wp\/v2\/posts"}],"about":[{"href":"https:\/\/hannover-living.de\/tr\/wp-json\/wp\/v2\/types\/post"}],"author":[{"embeddable":true,"href":"https:\/\/hannover-living.de\/tr\/wp-json\/wp\/v2\/users\/7"}],"replies":[{"embeddable":true,"href":"https:\/\/hannover-living.de\/tr\/wp-json\/wp\/v2\/comments?post=23215"}],"version-history":[{"count":1,"href":"https:\/\/hannover-living.de\/tr\/wp-json\/wp\/v2\/posts\/23215\/revisions"}],"predecessor-version":[{"id":36180,"href":"https:\/\/hannover-living.de\/tr\/wp-json\/wp\/v2\/posts\/23215\/revisions\/36180"}],"wp:featuredmedia":[{"embeddable":true,"href":"https:\/\/hannover-living.de\/tr\/wp-json\/wp\/v2\/media\/23216"}],"wp:attachment":[{"href":"https:\/\/hannover-living.de\/tr\/wp-json\/wp\/v2\/media?parent=23215"}],"wp:term":[{"taxonomy":"category","embeddable":true,"href":"https:\/\/hannover-living.de\/tr\/wp-json\/wp\/v2\/categories?post=23215"},{"taxonomy":"post_tag","embeddable":true,"href":"https:\/\/hannover-living.de\/tr\/wp-json\/wp\/v2\/tags?post=23215"}],"curies":[{"name":"wp","href":"https:\/\/api.w.org\/{rel}","templated":true}]}}