{"id":30346,"date":"2024-10-24T15:22:47","date_gmt":"2024-10-24T13:22:47","guid":{"rendered":"https:\/\/hannover-living.de\/?p=30346"},"modified":"2025-05-02T13:12:25","modified_gmt":"2025-05-02T11:12:25","slug":"pazar-kilisesi-2","status":"publish","type":"post","link":"https:\/\/hannover-living.de\/tr\/marktkirche\/","title":{"rendered":"Pazar Kilisesi"},"content":{"rendered":"<div data-elementor-type=\"wp-post\" data-elementor-id=\"30346\" class=\"elementor elementor-30346\" data-elementor-post-type=\"post\">\n\t\t\t\t<div class=\"elementor-element elementor-element-67403da5 e-flex e-con-boxed e-con e-parent\" data-id=\"67403da5\" data-element_type=\"container\" data-e-type=\"container\">\n\t\t\t\t\t<div class=\"e-con-inner\">\n\t\t\t\t<div class=\"elementor-element elementor-element-20eaec58 elementor-widget elementor-widget-text-editor\" data-id=\"20eaec58\" data-element_type=\"widget\" data-e-type=\"widget\" data-widget_type=\"text-editor.default\">\n\t\t\t\t<div class=\"elementor-widget-container\">\n\t\t\t\t\t\t\t\t\t<h3>Eski \u015fehrin kalbindeki simge yap\u0131<\/h3><p>14. y\u00fczy\u0131lda in\u015fa edilen kilise, Hannover'in eski kentindeki en eski kilisedir ve 97 metre y\u00fcksekli\u011findeki kilise kulesiyle Hannover'in g\u00f6r\u00fclecek yerleri aras\u0131nda par\u0131lt\u0131l\u0131 bir yere sahiptir.<\/p><p>Marktkirche, Kuzey Alman Gotik mimarisinin en g\u00fcneydeki Rennomier par\u00e7as\u0131d\u0131r ve asl\u0131nda planland\u0131\u011f\u0131 gibi in\u015fa edilmemi\u015ftir.<\/p><figure id=\"attachment_16190\" class=\"wp-caption alignleft\" style=\"width: 237px;\" aria-describedby=\"caption-attachment-16190\"><\/figure>\t\t\t\t\t\t\t\t<\/div>\n\t\t\t\t<\/div>\n\t\t\t\t\t<\/div>\n\t\t\t\t<\/div>\n\t\t<div class=\"elementor-element elementor-element-0d73725 e-flex e-con-boxed e-con e-parent\" data-id=\"0d73725\" data-element_type=\"container\" data-e-type=\"container\">\n\t\t\t\t\t<div class=\"e-con-inner\">\n\t\t\t\t<div class=\"elementor-element elementor-element-8644a23 elementor-widget elementor-widget-gallery\" data-id=\"8644a23\" data-element_type=\"widget\" data-e-type=\"widget\" data-settings=\"{&quot;lazyload&quot;:&quot;yes&quot;,&quot;gallery_layout&quot;:&quot;grid&quot;,&quot;columns&quot;:4,&quot;columns_tablet&quot;:2,&quot;columns_mobile&quot;:1,&quot;gap&quot;:{&quot;unit&quot;:&quot;px&quot;,&quot;size&quot;:10,&quot;sizes&quot;:[]},&quot;gap_laptop&quot;:{&quot;unit&quot;:&quot;px&quot;,&quot;size&quot;:10,&quot;sizes&quot;:[]},&quot;gap_tablet_extra&quot;:{&quot;unit&quot;:&quot;px&quot;,&quot;size&quot;:10,&quot;sizes&quot;:[]},&quot;gap_tablet&quot;:{&quot;unit&quot;:&quot;px&quot;,&quot;size&quot;:10,&quot;sizes&quot;:[]},&quot;gap_mobile&quot;:{&quot;unit&quot;:&quot;px&quot;,&quot;size&quot;:10,&quot;sizes&quot;:[]},&quot;link_to&quot;:&quot;file&quot;,&quot;aspect_ratio&quot;:&quot;3:2&quot;,&quot;overlay_background&quot;:&quot;yes&quot;,&quot;content_hover_animation&quot;:&quot;fade-in&quot;}\" data-widget_type=\"gallery.default\">\n\t\t\t\t<div class=\"elementor-widget-container\">\n\t\t\t\t\t\t\t<div class=\"elementor-gallery__container\">\n\t\t\t\t\t\t\t<a class=\"e-gallery-item elementor-gallery-item elementor-animated-content\" href=\"https:\/\/hannover-living.de\/wp-content\/uploads\/2023\/06\/Altstadt_-Marktkirche_-Martin-Kirchner-22-scaled-1.jpg\" data-elementor-open-lightbox=\"yes\" data-elementor-lightbox-slideshow=\"8644a23\" data-elementor-lightbox-title=\"Gottesdienst in der Marktkirche \u00a9Martin Kirchner\" data-e-action-hash=\"#elementor-action%3Aaction%3Dlightbox%26settings%3DeyJpZCI6MTYxOTAsInVybCI6Imh0dHBzOlwvXC9oYW5ub3Zlci1saXZpbmcuZGVcL3dwLWNvbnRlbnRcL3VwbG9hZHNcLzIwMjNcLzA2XC9BbHRzdGFkdF8tTWFya3RraXJjaGVfLU1hcnRpbi1LaXJjaG5lci0yMi1zY2FsZWQtMS5qcGciLCJzbGlkZXNob3ciOiI4NjQ0YTIzIn0%3D\">\n\t\t\t\t\t<div class=\"e-gallery-image elementor-gallery-item__image\" data-thumbnail=\"https:\/\/hannover-living.de\/wp-content\/uploads\/2023\/06\/Altstadt_-Marktkirche_-Martin-Kirchner-22-scaled-1-300x197.jpg\" data-width=\"300\" data-height=\"197\" aria-label=\"Hanover Pazar Kilisesi\" role=\"img\" ><\/div>\n\t\t\t\t\t\t\t\t\t\t\t<div class=\"elementor-gallery-item__overlay\"><\/div>\n\t\t\t\t\t\t\t\t\t\t\t\t\t\t<\/a>\n\t\t\t\t\t\t\t<a class=\"e-gallery-item elementor-gallery-item elementor-animated-content\" href=\"https:\/\/hannover-living.de\/wp-content\/uploads\/2021\/03\/H_Altstadt-mit-Marktkirche-@HMTG-e1640113435848.jpg\" data-elementor-open-lightbox=\"yes\" data-elementor-lightbox-slideshow=\"8644a23\" data-elementor-lightbox-title=\"Hannover Altstadt Hannover Altstadt \u00a9HMTG\" data-e-action-hash=\"#elementor-action%3Aaction%3Dlightbox%26settings%3DeyJpZCI6MzA3NSwidXJsIjoiaHR0cHM6XC9cL2hhbm5vdmVyLWxpdmluZy5kZVwvd3AtY29udGVudFwvdXBsb2Fkc1wvMjAyMVwvMDNcL0hfQWx0c3RhZHQtbWl0LU1hcmt0a2lyY2hlLUBITVRHLWUxNjQwMTEzNDM1ODQ4LmpwZyIsInNsaWRlc2hvdyI6Ijg2NDRhMjMifQ%3D%3D\">\n\t\t\t\t\t<div class=\"e-gallery-image elementor-gallery-item__image\" data-thumbnail=\"https:\/\/hannover-living.de\/wp-content\/uploads\/2021\/03\/H_Altstadt-mit-Marktkirche-@HMTG-e1640113435848-300x187.jpg\" data-width=\"300\" data-height=\"187\" aria-label=\"Eski \u015eehir Hanover\" role=\"img\" ><\/div>\n\t\t\t\t\t\t\t\t\t\t\t<div class=\"elementor-gallery-item__overlay\"><\/div>\n\t\t\t\t\t\t\t\t\t\t\t\t\t\t<\/a>\n\t\t\t\t\t<\/div>\n\t\t\t\t\t<\/div>\n\t\t\t\t<\/div>\n\t\t\t\t\t<\/div>\n\t\t\t\t<\/div>\n\t\t<div class=\"elementor-element elementor-element-8ca57b8 e-flex e-con-boxed e-con e-parent\" data-id=\"8ca57b8\" data-element_type=\"container\" data-e-type=\"container\">\n\t\t\t\t\t<div class=\"e-con-inner\">\n\t\t\t\t<div class=\"elementor-element elementor-element-0bebc2e elementor-widget elementor-widget-spacer\" data-id=\"0bebc2e\" data-element_type=\"widget\" data-e-type=\"widget\" data-widget_type=\"spacer.default\">\n\t\t\t\t<div class=\"elementor-widget-container\">\n\t\t\t\t\t\t\t<div class=\"elementor-spacer\">\n\t\t\t<div class=\"elementor-spacer-inner\"><\/div>\n\t\t<\/div>\n\t\t\t\t\t\t<\/div>\n\t\t\t\t<\/div>\n\t\t\t\t<div class=\"elementor-element elementor-element-9cf0404 elementor-widget elementor-widget-text-editor\" data-id=\"9cf0404\" data-element_type=\"widget\" data-e-type=\"widget\" data-widget_type=\"text-editor.default\">\n\t\t\t\t<div class=\"elementor-widget-container\">\n\t\t\t\t\t\t\t\t\t<p>Mali nedenlerden dolay\u0131 kule in\u015faat\u0131 neredeyse 650 y\u0131l \u00f6nce durdurulmak zorunda kal\u0131nm\u0131\u015f, b\u00f6ylece kilise \u0130kinci D\u00fcnya Sava\u015f\u0131'nda y\u0131k\u0131lana kadar Marktkirche'nin kulesini s\u00fcsleyen k\u0131salt\u0131lm\u0131\u015f bir kule kulesi eklenmi\u015ftir.<\/p><p>Marktkirche 1952 y\u0131l\u0131nda tarihi tu\u011fla Gotik tarz\u0131nda yeniden in\u015fa edilmi\u015ftir.<\/p><p>Georgii et Jacobi Protestan-Lutheran Pazar Kilisesi bug\u00fcn bile pek \u00e7ok Hanoverlinin inanc\u0131n\u0131 ve k\u00fclt\u00fcr\u00fcn\u00fc temsil etmektedir.<\/p>\t\t\t\t\t\t\t\t<\/div>\n\t\t\t\t<\/div>\n\t\t\t\t\t<\/div>\n\t\t\t\t<\/div>\n\t\t<div class=\"elementor-element elementor-element-7bcad30 e-con-full e-flex e-con e-parent\" data-id=\"7bcad30\" data-element_type=\"container\" data-e-type=\"container\">\n\t\t\t\t<div class=\"elementor-element elementor-element-7bceaf1 elementor-view-default elementor-widget elementor-widget-icon\" data-id=\"7bceaf1\" data-element_type=\"widget\" data-e-type=\"widget\" data-widget_type=\"icon.default\">\n\t\t\t\t<div class=\"elementor-widget-container\">\n\t\t\t\t\t\t\t<div class=\"elementor-icon-wrapper\">\n\t\t\t<div class=\"elementor-icon\">\n\t\t\t<svg aria-hidden=\"true\" class=\"e-font-icon-svg e-fab-instagram\" viewbox=\"0 0 448 512\" xmlns=\"http:\/\/www.w3.org\/2000\/svg\"><path d=\"M224.1 141c-63.6 0-114.9 51.3-114.9 114.9s51.3 114.9 114.9 114.9S339 319.5 339 255.9 287.7 141 224.1 141zm0 189.6c-41.1 0-74.7-33.5-74.7-74.7s33.5-74.7 74.7-74.7 74.7 33.5 74.7 74.7-33.6 74.7-74.7 74.7zm146.4-194.3c0 14.9-12 26.8-26.8 26.8-14.9 0-26.8-12-26.8-26.8s12-26.8 26.8-26.8 26.8 12 26.8 26.8zm76.1 27.2c-1.7-35.9-9.9-67.7-36.2-93.9-26.2-26.2-58-34.4-93.9-36.2-37-2.1-147.9-2.1-184.9 0-35.8 1.7-67.6 9.9-93.9 36.1s-34.4 58-36.2 93.9c-2.1 37-2.1 147.9 0 184.9 1.7 35.9 9.9 67.7 36.2 93.9s58 34.4 93.9 36.2c37 2.1 147.9 2.1 184.9 0 35.9-1.7 67.7-9.9 93.9-36.2 26.2-26.2 34.4-58 36.2-93.9 2.1-37 2.1-147.8 0-184.8zM398.8 388c-7.8 19.6-22.9 34.7-42.6 42.6-29.5 11.7-99.5 9-132.1 9s-102.7 2.6-132.1-9c-19.6-7.8-34.7-22.9-42.6-42.6-11.7-29.5-9-99.5-9-132.1s-2.6-102.7 9-132.1c7.8-19.6 22.9-34.7 42.6-42.6 29.5-11.7 99.5-9 132.1-9s102.7-2.6 132.1 9c19.6 7.8 34.7 22.9 42.6 42.6 11.7 29.5 9 99.5 9 132.1s2.7 102.7-9 132.1z\"><\/path><\/svg>\t\t\t<\/div>\n\t\t<\/div>\n\t\t\t\t\t\t<\/div>\n\t\t\t\t<\/div>\n\t\t\t\t<div class=\"elementor-element elementor-element-44c67b8 elementor-widget elementor-widget-text-editor\" data-id=\"44c67b8\" data-element_type=\"widget\" data-e-type=\"widget\" data-widget_type=\"text-editor.default\">\n\t\t\t\t<div class=\"elementor-widget-container\">\n\t\t\t\t\t\t\t\t\t<p style=\"text-align: center;\"><strong>Bizimle g\u00fcncel kal\u0131n ve bizi Instagram'da \u015fu adresten takip edin <a href=\"https:\/\/www.instagram.com\/visithannover\/\" target=\"_new\" rel=\"noopener\">@visithannover<\/a> en son etkinlik ipu\u00e7lar\u0131 ve heyecan verici bilgiler i\u00e7in!<\/strong><\/p>\t\t\t\t\t\t\t\t<\/div>\n\t\t\t\t<\/div>\n\t\t\t\t<\/div>\n\t\t<div class=\"elementor-element elementor-element-42b30fa e-flex e-con-boxed e-con e-parent\" data-id=\"42b30fa\" data-element_type=\"container\" data-e-type=\"container\">\n\t\t\t\t\t<div class=\"e-con-inner\">\n\t\t\t\t\t<\/div>\n\t\t\t\t<\/div>\n\t\t\t\t<\/div>","protected":false},"excerpt":{"rendered":"<p>Hannover'in simgesi olan Marktkirche, eski \u015fehrin kalbindeki heybetli tu\u011fla mimarisiyle etkileyicidir. Ka\u00e7\u0131rmaman\u0131z gereken tarihi bir vurgu!<\/p>","protected":false},"author":7,"featured_media":16190,"comment_status":"closed","ping_status":"closed","sticky":false,"template":"","format":"standard","meta":{"footnotes":""},"categories":[4,7],"tags":[92],"class_list":["post-30346","post","type-post","status-publish","format-standard","has-post-thumbnail","hentry","category-freizeit","category-sightseeing","tag-sehenswuerdigkeit"],"_links":{"self":[{"href":"https:\/\/hannover-living.de\/tr\/wp-json\/wp\/v2\/posts\/30346","targetHints":{"allow":["GET"]}}],"collection":[{"href":"https:\/\/hannover-living.de\/tr\/wp-json\/wp\/v2\/posts"}],"about":[{"href":"https:\/\/hannover-living.de\/tr\/wp-json\/wp\/v2\/types\/post"}],"author":[{"embeddable":true,"href":"https:\/\/hannover-living.de\/tr\/wp-json\/wp\/v2\/users\/7"}],"replies":[{"embeddable":true,"href":"https:\/\/hannover-living.de\/tr\/wp-json\/wp\/v2\/comments?post=30346"}],"version-history":[{"count":1,"href":"https:\/\/hannover-living.de\/tr\/wp-json\/wp\/v2\/posts\/30346\/revisions"}],"predecessor-version":[{"id":36150,"href":"https:\/\/hannover-living.de\/tr\/wp-json\/wp\/v2\/posts\/30346\/revisions\/36150"}],"wp:featuredmedia":[{"embeddable":true,"href":"https:\/\/hannover-living.de\/tr\/wp-json\/wp\/v2\/media\/16190"}],"wp:attachment":[{"href":"https:\/\/hannover-living.de\/tr\/wp-json\/wp\/v2\/media?parent=30346"}],"wp:term":[{"taxonomy":"category","embeddable":true,"href":"https:\/\/hannover-living.de\/tr\/wp-json\/wp\/v2\/categories?post=30346"},{"taxonomy":"post_tag","embeddable":true,"href":"https:\/\/hannover-living.de\/tr\/wp-json\/wp\/v2\/tags?post=30346"}],"curies":[{"name":"wp","href":"https:\/\/api.w.org\/{rel}","templated":true}]}}