{"id":41073,"date":"2025-07-30T18:53:56","date_gmt":"2025-07-30T16:53:56","guid":{"rendered":"https:\/\/hannover-living.de\/?p=41073"},"modified":"2025-09-01T16:26:02","modified_gmt":"2025-09-01T14:26:02","slug":"2025-maschsee-festivali-basladi","status":"publish","type":"post","link":"https:\/\/hannover-living.de\/tr\/das-maschseefest-2025-ist-eroeffnet\/","title":{"rendered":"Maschseefest 2025 a\u00e7\u0131ld\u0131"},"content":{"rendered":"<div data-elementor-type=\"wp-post\" data-elementor-id=\"41073\" class=\"elementor elementor-41073\" data-elementor-post-type=\"post\">\n\t\t\t\t<div class=\"elementor-element elementor-element-9bbef20 e-flex e-con-boxed e-con e-parent\" data-id=\"9bbef20\" data-element_type=\"container\" data-e-type=\"container\">\n\t\t\t\t\t<div class=\"e-con-inner\">\n\t\t\t\t<div class=\"elementor-element elementor-element-66f4729 elementor-widget elementor-widget-text-editor\" data-id=\"66f4729\" data-element_type=\"widget\" data-e-type=\"widget\" data-widget_type=\"text-editor.default\">\n\t\t\t\t<div class=\"elementor-widget-container\">\n\t\t\t\t\t\t\t\t\t<p>Bu \u00c7ar\u015famba g\u00fcn\u00fc Hannover'de 38. Maschsee Festivali'nin resmi a\u00e7\u0131l\u0131\u015f\u0131 yap\u0131ld\u0131. 30 Temmuz-17 A\u011fustos tarihleri aras\u0131nda Maschsee k\u0131y\u0131lar\u0131 19 g\u00fcn boyunca canl\u0131 bir festival alan\u0131na d\u00f6n\u00fc\u015fecek. Almanya'n\u0131n en b\u00fcy\u00fck g\u00f6l festivali, d\u00fcnyan\u0131n d\u00f6rt bir yan\u0131ndan gelen mutfak lezzetleri, \u00e7e\u015fitli sahnelerde 200'den fazla canl\u0131 performans ve \u00e7ocuklar ve aileler i\u00e7in \u00e7e\u015fitli bir programla ziyaret\u00e7ileri memnun edecek.<\/p><p>Pop\u00fcler \u00f6rdek yar\u0131\u015f\u0131 veya atmosferik me\u015faleli y\u00fczme gibi klasikler ve heyecan verici yeni etkinlikler yine program\u0131n bir par\u00e7as\u0131. Bu y\u0131l\u0131n en \u00f6nemli \u00f6zelli\u011fi, Heinz von Heiden Arena'n\u0131n \u00f6n avlusunda ilk kez nefes kesici manzaralar sunacak olan 75 metre y\u00fcksekli\u011findeki Maschsee Kulesi.<\/p><p><strong>G\u00fcne\u015f ve bulutlar\u0131n kar\u0131\u015f\u0131m\u0131 ile \u015fenlikli bir ba\u015flang\u0131\u00e7<\/strong><\/p><p>Maschseefest'in sembolik a\u00e7\u0131l\u0131\u015f\u0131 saat 18.00'de harika bir atmosferde ve 20 derecelik taze bir yaz havas\u0131nda yap\u0131ld\u0131. Rengarenk cambazlar, akrobatlar ve canl\u0131 m\u00fczisyenler taraf\u0131ndan \u00e7evrelenen Hannover Belediye Ba\u015fkan\u0131 Belit Onay ve Hannover Veranstaltungs GmbH (HVG) Genel M\u00fcd\u00fcr\u00fc Andr\u00e9 Lawiszus, \u00e7ok say\u0131da davetlinin e\u015flik etti\u011fi mavi a\u00e7\u0131l\u0131\u015f kurdelesini t\u00f6renle kesti.<\/p><p>\"Maschsee G\u00f6l\u00fc \u015fehrin kalbinde yer al\u0131r ve Hannover halk\u0131 onu kalbine alm\u0131\u015ft\u0131r - ve bu Maschsee Festivali i\u00e7in de ge\u00e7erlidir. Sch\u00fctzenfest kadar uzun zamand\u0131r Hannover'in k\u00fclt\u00fcrel DNA's\u0131n\u0131n bir par\u00e7as\u0131 olmu\u015ftur. Almanya'n\u0131n en b\u00fcy\u00fck g\u00f6l festivali, e\u015fsiz atmosferiyle yak\u0131n ve uzak \u00e7evreden insanlar\u0131 kendine \u00e7ekmektedir. B\u00fcy\u00fck, \u00e7e\u015fitli, huzurlu ve renkli bir festival bekliyoruz. Hannover haz\u0131r,\" diyor Onay.<\/p><p>2011'den beri Maschseefest'in operasyonlar\u0131ndan sorumlu olan ve bu y\u0131l ilk kez HVG'nin Genel M\u00fcd\u00fcr\u00fc olarak Maschseefest'ten sorumlu olan Andr\u00e9 Lawiszus da ba\u015far\u0131l\u0131 ba\u015flang\u0131\u00e7tan memnun:<\/p><p>\"D\u00f6rt k\u0131y\u0131da da ke\u015ffedilecek \u00e7ok \u015fey var - yeni restoranlardan Aperitivo Koyu ile yeni tasarlanan bat\u0131 k\u0131y\u0131s\u0131 gibi e\u011flenmek i\u00e7in \u00e7ok \u00f6zel yerlere kadar.\"<\/p><p>Maschseefest uzun zamand\u0131r sadece b\u00f6lgesel bir a\u00e7\u0131k hava festivali olman\u0131n \u00f6tesinde, bir yemek festivali olarak uluslararas\u0131 \u00e7ekicili\u011fe sahip ger\u00e7ek bir k\u00fclt\u00fcrel etkinli\u011fe d\u00f6n\u00fc\u015fm\u00fc\u015ft\u00fcr. \u015eehrin kalbindeki denizcilik havas\u0131yla, A\u015fa\u011f\u0131 Saksonya'daki yaz tatillerini iki bu\u00e7uk hafta uzat\u0131yor gibi hissettiriyor.<\/p><p>Hannover'in en b\u00fcy\u00fck yaz festivaline bu y\u0131l da yakla\u015f\u0131k iki milyon ziyaret\u00e7inin kat\u0131lmas\u0131 bekleniyor.<\/p>\t\t\t\t\t\t\t\t<\/div>\n\t\t\t\t<\/div>\n\t\t\t\t\t<\/div>\n\t\t\t\t<\/div>\n\t\t<div class=\"elementor-element elementor-element-2995dd0 e-flex e-con-boxed e-con e-parent\" data-id=\"2995dd0\" data-element_type=\"container\" data-e-type=\"container\">\n\t\t\t\t\t<div class=\"e-con-inner\">\n\t\t\t\t<div class=\"elementor-element elementor-element-51e5098 elementor-align-justify elementor-widget elementor-widget-button\" data-id=\"51e5098\" data-element_type=\"widget\" data-e-type=\"widget\" data-widget_type=\"button.default\">\n\t\t\t\t<div class=\"elementor-widget-container\">\n\t\t\t\t\t\t\t\t\t<div class=\"elementor-button-wrapper\">\n\t\t\t\t\t<a class=\"elementor-button elementor-button-link elementor-size-sm\" href=\"http:\/\/www.maschseefest.de\" target=\"_blank\" rel=\"noopener\">\n\t\t\t\t\t\t<span class=\"elementor-button-content-wrapper\">\n\t\t\t\t\t\t\t\t\t<span class=\"elementor-button-text\">Resmi web sitesi<\/span>\n\t\t\t\t\t<\/span>\n\t\t\t\t\t<\/a>\n\t\t\t\t<\/div>\n\t\t\t\t\t\t\t\t<\/div>\n\t\t\t\t<\/div>\n\t\t\t\t\t<\/div>\n\t\t\t\t<\/div>\n\t\t\t\t<\/div>","protected":false},"excerpt":{"rendered":"<p>An diesem Mittwoch wurde in Hannover das 38. Maschseefest offiziell er\u00f6ffnet. Vom 30. Juli bis zum 17. August verwandelt sich das Ufer des Maschsees f\u00fcr 19 Tage in eine pulsierende Festmeile. Deutschlands gr\u00f6\u00dftes Seefest begeistert mit kulinarischer Vielfalt aus aller Welt, mehr als 200 Live-Acts auf mehreren B\u00fchnen sowie einem abwechslungsreichen Programm f\u00fcr Kinder und [&hellip;]<\/p>\n","protected":false},"author":7,"featured_media":41074,"comment_status":"open","ping_status":"open","sticky":false,"template":"","format":"standard","meta":{"footnotes":""},"categories":[1],"tags":[98],"class_list":["post-41073","post","type-post","status-publish","format-standard","has-post-thumbnail","hentry","category-uncategorized","tag-event"],"_links":{"self":[{"href":"https:\/\/hannover-living.de\/tr\/wp-json\/wp\/v2\/posts\/41073","targetHints":{"allow":["GET"]}}],"collection":[{"href":"https:\/\/hannover-living.de\/tr\/wp-json\/wp\/v2\/posts"}],"about":[{"href":"https:\/\/hannover-living.de\/tr\/wp-json\/wp\/v2\/types\/post"}],"author":[{"embeddable":true,"href":"https:\/\/hannover-living.de\/tr\/wp-json\/wp\/v2\/users\/7"}],"replies":[{"embeddable":true,"href":"https:\/\/hannover-living.de\/tr\/wp-json\/wp\/v2\/comments?post=41073"}],"version-history":[{"count":5,"href":"https:\/\/hannover-living.de\/tr\/wp-json\/wp\/v2\/posts\/41073\/revisions"}],"predecessor-version":[{"id":41494,"href":"https:\/\/hannover-living.de\/tr\/wp-json\/wp\/v2\/posts\/41073\/revisions\/41494"}],"wp:featuredmedia":[{"embeddable":true,"href":"https:\/\/hannover-living.de\/tr\/wp-json\/wp\/v2\/media\/41074"}],"wp:attachment":[{"href":"https:\/\/hannover-living.de\/tr\/wp-json\/wp\/v2\/media?parent=41073"}],"wp:term":[{"taxonomy":"category","embeddable":true,"href":"https:\/\/hannover-living.de\/tr\/wp-json\/wp\/v2\/categories?post=41073"},{"taxonomy":"post_tag","embeddable":true,"href":"https:\/\/hannover-living.de\/tr\/wp-json\/wp\/v2\/tags?post=41073"}],"curies":[{"name":"wp","href":"https:\/\/api.w.org\/{rel}","templated":true}]}}